{"id":3684,"date":"2021-01-13T18:06:35","date_gmt":"2021-01-13T18:06:35","guid":{"rendered":"http:\/\/archiv.szolnoktv.hu\/?p=3684"},"modified":"2021-08-02T17:27:38","modified_gmt":"2021-08-02T17:27:38","slug":"kozmuvelodesi-foglalkoztatasi-program","status":"publish","type":"post","link":"http:\/\/archiv.szolnoktv.hu\/?p=3684","title":{"rendered":"K\u00f6zm\u0171vel\u0151d\u00e9si Foglalkoztat\u00e1si Program"},"content":{"rendered":"<div class='booster-block booster-read-block'><\/div><p>A megye 17 telep\u00fcl\u00e9s\u00e9n 20 leend\u0151 k\u00f6zm\u0171vel\u0151d\u00e9si szakember k\u00e9pz\u00e9s\u00e9t \u00e9s foglalkoztat\u00e1s\u00e1t kezdte meg a Nemzeti M\u0171vel\u0151d\u00e9si Int\u00e9zet. A program r\u00e9sztvev\u0151i olyan kistelep\u00fcl\u00e9seken l\u00e1tnak el a j\u00f6v\u0151ben k\u00f6z\u00f6ss\u00e9gszervez\u0151i feladatokat, ahol eddig nem volt megfelel\u0151 v\u00e9gzetts\u00e9g\u0171 szakember. rn <br \/>rn &nbsp;<div style=\"width: 640px;\" class=\"wp-video\"><!--[if lt IE 9]><script>document.createElement('video');<\/script><![endif]-->\n<video class=\"wp-video-shortcode\" id=\"video-3684-1\" width=\"640\" height=\"360\" preload=\"metadata\" controls=\"controls\"><source type=\"video\/mp4\" src=\"\/spots\/hir\/hir_210113_06.mp4?_=1\" \/><a href=\"\/spots\/hir\/hir_210113_06.mp4\">\/spots\/hir\/hir_210113_06.mp4<\/a><\/video><\/div><\/p>\n","protected":false},"excerpt":{"rendered":"<p>A megye 17 telep\u00fcl\u00e9s\u00e9n 20 leend\u0151 k\u00f6zm\u0171vel\u0151d\u00e9si szakember k\u00e9pz\u00e9s\u00e9t \u00e9s foglalkoztat\u00e1s\u00e1t kezdte meg a Nemzeti M\u0171vel\u0151d\u00e9si Int\u00e9zet. A program r\u00e9sztvev\u0151i olyan kistelep\u00fcl\u00e9seken l\u00e1tnak el a j\u00f6v\u0151ben k\u00f6z\u00f6ss\u00e9gszervez\u0151i feladatokat, ahol eddig nem volt megfelel\u0151 v\u00e9gzetts\u00e9g\u0171 szakember. rn rn &nbsp;<\/p>\n","protected":false},"author":2,"featured_media":0,"comment_status":"closed","ping_status":"closed","sticky":false,"template":"","format":"standard","meta":[],"categories":[6],"tags":[],"_links":{"self":[{"href":"http:\/\/archiv.szolnoktv.hu\/index.php?rest_route=\/wp\/v2\/posts\/3684"}],"collection":[{"href":"http:\/\/archiv.szolnoktv.hu\/index.php?rest_route=\/wp\/v2\/posts"}],"about":[{"href":"http:\/\/archiv.szolnoktv.hu\/index.php?rest_route=\/wp\/v2\/types\/post"}],"author":[{"embeddable":true,"href":"http:\/\/archiv.szolnoktv.hu\/index.php?rest_route=\/wp\/v2\/users\/2"}],"replies":[{"embeddable":true,"href":"http:\/\/archiv.szolnoktv.hu\/index.php?rest_route=%2Fwp%2Fv2%2Fcomments&post=3684"}],"version-history":[{"count":1,"href":"http:\/\/archiv.szolnoktv.hu\/index.php?rest_route=\/wp\/v2\/posts\/3684\/revisions"}],"predecessor-version":[{"id":3703,"href":"http:\/\/archiv.szolnoktv.hu\/index.php?rest_route=\/wp\/v2\/posts\/3684\/revisions\/3703"}],"wp:attachment":[{"href":"http:\/\/archiv.szolnoktv.hu\/index.php?rest_route=%2Fwp%2Fv2%2Fmedia&parent=3684"}],"wp:term":[{"taxonomy":"category","embeddable":true,"href":"http:\/\/archiv.szolnoktv.hu\/index.php?rest_route=%2Fwp%2Fv2%2Fcategories&post=3684"},{"taxonomy":"post_tag","embeddable":true,"href":"http:\/\/archiv.szolnoktv.hu\/index.php?rest_route=%2Fwp%2Fv2%2Ftags&post=3684"}],"curies":[{"name":"wp","href":"https:\/\/api.w.org\/{rel}","templated":true}]}}