{"id":3683,"date":"2021-01-13T18:01:52","date_gmt":"2021-01-13T18:01:52","guid":{"rendered":"http:\/\/archiv.szolnoktv.hu\/?p=3683"},"modified":"2021-08-02T17:27:39","modified_gmt":"2021-08-02T17:27:39","slug":"megujulo-ovoda","status":"publish","type":"post","link":"http:\/\/archiv.szolnoktv.hu\/?p=3683","title":{"rendered":"Meg\u00fajul\u00f3 \u00f3voda"},"content":{"rendered":"<div class='booster-block booster-read-block'><\/div><p>Komoly fel\u00faj\u00edt\u00e1s zajlik a Szent Tam\u00e1s G\u00f6r\u00f6gkatolikus \u00f3voda \u00e9p\u00fclet\u00e9n. A fenntart\u00f3 Hajd\u00fadorogi F\u0151egyh\u00e1zmegye sz\u00e1zmilli\u00f3 forintos beruh\u00e1z\u00e1sa rem\u00e9lhet\u0151leg m\u00e1jusra fejez\u0151dik be, a k\u00f6vetkez\u0151 nevel\u00e9si \u00e9vet m\u00e1r a fel\u00faj\u00edtott \u00f3vod\u00e1ban kezdhetik az \u00f3vodapedag\u00f3gusok \u00e9s a gyerekek is. rn <br \/>rn &nbsp;<div style=\"width: 640px;\" class=\"wp-video\"><!--[if lt IE 9]><script>document.createElement('video');<\/script><![endif]-->\n<video class=\"wp-video-shortcode\" id=\"video-3683-1\" width=\"640\" height=\"360\" preload=\"metadata\" controls=\"controls\"><source type=\"video\/mp4\" src=\"\/spots\/hir\/hir_210113_04.mp4?_=1\" \/><a href=\"\/spots\/hir\/hir_210113_04.mp4\">\/spots\/hir\/hir_210113_04.mp4<\/a><\/video><\/div><\/p>\n","protected":false},"excerpt":{"rendered":"<p>Komoly fel\u00faj\u00edt\u00e1s zajlik a Szent Tam\u00e1s G\u00f6r\u00f6gkatolikus \u00f3voda \u00e9p\u00fclet\u00e9n. A fenntart\u00f3 Hajd\u00fadorogi F\u0151egyh\u00e1zmegye sz\u00e1zmilli\u00f3 forintos beruh\u00e1z\u00e1sa rem\u00e9lhet\u0151leg m\u00e1jusra fejez\u0151dik be, a k\u00f6vetkez\u0151 nevel\u00e9si \u00e9vet m\u00e1r a fel\u00faj\u00edtott \u00f3vod\u00e1ban kezdhetik az \u00f3vodapedag\u00f3gusok \u00e9s a gyerekek is. rn rn &nbsp;<\/p>\n","protected":false},"author":2,"featured_media":0,"comment_status":"closed","ping_status":"closed","sticky":false,"template":"","format":"standard","meta":[],"categories":[6],"tags":[],"_links":{"self":[{"href":"http:\/\/archiv.szolnoktv.hu\/index.php?rest_route=\/wp\/v2\/posts\/3683"}],"collection":[{"href":"http:\/\/archiv.szolnoktv.hu\/index.php?rest_route=\/wp\/v2\/posts"}],"about":[{"href":"http:\/\/archiv.szolnoktv.hu\/index.php?rest_route=\/wp\/v2\/types\/post"}],"author":[{"embeddable":true,"href":"http:\/\/archiv.szolnoktv.hu\/index.php?rest_route=\/wp\/v2\/users\/2"}],"replies":[{"embeddable":true,"href":"http:\/\/archiv.szolnoktv.hu\/index.php?rest_route=%2Fwp%2Fv2%2Fcomments&post=3683"}],"version-history":[{"count":1,"href":"http:\/\/archiv.szolnoktv.hu\/index.php?rest_route=\/wp\/v2\/posts\/3683\/revisions"}],"predecessor-version":[{"id":3704,"href":"http:\/\/archiv.szolnoktv.hu\/index.php?rest_route=\/wp\/v2\/posts\/3683\/revisions\/3704"}],"wp:attachment":[{"href":"http:\/\/archiv.szolnoktv.hu\/index.php?rest_route=%2Fwp%2Fv2%2Fmedia&parent=3683"}],"wp:term":[{"taxonomy":"category","embeddable":true,"href":"http:\/\/archiv.szolnoktv.hu\/index.php?rest_route=%2Fwp%2Fv2%2Fcategories&post=3683"},{"taxonomy":"post_tag","embeddable":true,"href":"http:\/\/archiv.szolnoktv.hu\/index.php?rest_route=%2Fwp%2Fv2%2Ftags&post=3683"}],"curies":[{"name":"wp","href":"https:\/\/api.w.org\/{rel}","templated":true}]}}