{"id":3675,"date":"2021-01-12T18:57:46","date_gmt":"2021-01-12T18:57:46","guid":{"rendered":"http:\/\/archiv.szolnoktv.hu\/?p=3675"},"modified":"2021-08-02T17:27:41","modified_gmt":"2021-08-02T17:27:41","slug":"emlekezes-a-don-kanyar-aldozataira","status":"publish","type":"post","link":"http:\/\/archiv.szolnoktv.hu\/?p=3675","title":{"rendered":"Eml\u00e9kez\u00e9s a Don- kanyar \u00e1ldozataira"},"content":{"rendered":"<div class='booster-block booster-read-block'><\/div><p>A moh\u00e1csi csataveszt\u00e9shez foghat\u00f3 nemzeti trag\u00e9dia volt a Don- kanyarban elszenvedett katonai vesztes\u00e9g. 1943. janu\u00e1r tizenkettedik\u00e9n az urivi h\u00eddf\u0151b\u0151l kit\u00f6r\u0151 szovjet csapatok els\u00f6p\u00f6rt\u00e9k a rosszul felfegyverzett m\u00e1sodik magyar hadsereget.   <br \/> &nbsp;<div style=\"width: 640px;\" class=\"wp-video\"><!--[if lt IE 9]><script>document.createElement('video');<\/script><![endif]-->\n<video class=\"wp-video-shortcode\" id=\"video-3675-1\" width=\"640\" height=\"360\" preload=\"metadata\" controls=\"controls\"><source type=\"video\/mp4\" src=\"\/spots\/hir\/hir_210112_03.mp4?_=1\" \/><a href=\"\/spots\/hir\/hir_210112_03.mp4\">\/spots\/hir\/hir_210112_03.mp4<\/a><\/video><\/div><\/p>\n","protected":false},"excerpt":{"rendered":"<p>A moh\u00e1csi csataveszt\u00e9shez foghat\u00f3 nemzeti trag\u00e9dia volt a Don- kanyarban elszenvedett katonai vesztes\u00e9g. 1943. janu\u00e1r tizenkettedik\u00e9n az urivi h\u00eddf\u0151b\u0151l kit\u00f6r\u0151 szovjet csapatok els\u00f6p\u00f6rt\u00e9k a rosszul felfegyverzett m\u00e1sodik magyar hadsereget. &nbsp;<\/p>\n","protected":false},"author":2,"featured_media":0,"comment_status":"closed","ping_status":"closed","sticky":false,"template":"","format":"standard","meta":[],"categories":[6],"tags":[],"_links":{"self":[{"href":"http:\/\/archiv.szolnoktv.hu\/index.php?rest_route=\/wp\/v2\/posts\/3675"}],"collection":[{"href":"http:\/\/archiv.szolnoktv.hu\/index.php?rest_route=\/wp\/v2\/posts"}],"about":[{"href":"http:\/\/archiv.szolnoktv.hu\/index.php?rest_route=\/wp\/v2\/types\/post"}],"author":[{"embeddable":true,"href":"http:\/\/archiv.szolnoktv.hu\/index.php?rest_route=\/wp\/v2\/users\/2"}],"replies":[{"embeddable":true,"href":"http:\/\/archiv.szolnoktv.hu\/index.php?rest_route=%2Fwp%2Fv2%2Fcomments&post=3675"}],"version-history":[{"count":1,"href":"http:\/\/archiv.szolnoktv.hu\/index.php?rest_route=\/wp\/v2\/posts\/3675\/revisions"}],"predecessor-version":[{"id":3712,"href":"http:\/\/archiv.szolnoktv.hu\/index.php?rest_route=\/wp\/v2\/posts\/3675\/revisions\/3712"}],"wp:attachment":[{"href":"http:\/\/archiv.szolnoktv.hu\/index.php?rest_route=%2Fwp%2Fv2%2Fmedia&parent=3675"}],"wp:term":[{"taxonomy":"category","embeddable":true,"href":"http:\/\/archiv.szolnoktv.hu\/index.php?rest_route=%2Fwp%2Fv2%2Fcategories&post=3675"},{"taxonomy":"post_tag","embeddable":true,"href":"http:\/\/archiv.szolnoktv.hu\/index.php?rest_route=%2Fwp%2Fv2%2Ftags&post=3675"}],"curies":[{"name":"wp","href":"https:\/\/api.w.org\/{rel}","templated":true}]}}