{"id":3671,"date":"2021-01-12T18:00:00","date_gmt":"2021-01-12T18:00:00","guid":{"rendered":"http:\/\/archiv.szolnoktv.hu\/?p=3671"},"modified":"2021-08-02T17:28:04","modified_gmt":"2021-08-02T17:28:04","slug":"horgaszjegy-es-fogasi-naplo-leadas","status":"publish","type":"post","link":"http:\/\/archiv.szolnoktv.hu\/?p=3671","title":{"rendered":"Horg\u00e1szjegy \u00e9s fog\u00e1si napl\u00f3 lead\u00e1s"},"content":{"rendered":"<div class='booster-block booster-read-block'><\/div><p>K\u00f6zelednek a hat\u00e1rid\u0151k. A 2020-ban v\u00e1ltott \u00e9ves \u00e1llami horg\u00e1szjegy \u00e9s ter\u00fcleti jegyek janu\u00e1r v\u00e9g\u00e9ig \u00e9rv\u00e9nyesek, addig -ha a horg\u00e1sz szeretne id\u00e9n is pec\u00e1zni- ki kell v\u00e1ltani az idei enged\u00e9lyeket. A tavalyi fog\u00e1si napl\u00f3k lead\u00e1si hat\u00e1rideje febru\u00e1r 28-a. B\u00e1r id\u00e9n m\u00e9g nyomtatott form\u00e1ban is kiadj\u00e1k a legt\u00f6bb helyen a ter\u00fcleti enged\u00e9lyeket, a digitaliz\u00e1l\u00f3d\u00e1s folyamata elkezd\u0151d\u00f6tt. <br \/>rn &nbsp;<div style=\"width: 640px;\" class=\"wp-video\"><!--[if lt IE 9]><script>document.createElement('video');<\/script><![endif]-->\n<video class=\"wp-video-shortcode\" id=\"video-3671-1\" width=\"640\" height=\"360\" preload=\"metadata\" controls=\"controls\"><source type=\"video\/mp4\" src=\"\/spots\/hir\/hir_210112_08.mp4?_=1\" \/><a href=\"\/spots\/hir\/hir_210112_08.mp4\">\/spots\/hir\/hir_210112_08.mp4<\/a><\/video><\/div><\/p>\n","protected":false},"excerpt":{"rendered":"<p>K\u00f6zelednek a hat\u00e1rid\u0151k. A 2020-ban v\u00e1ltott \u00e9ves \u00e1llami horg\u00e1szjegy \u00e9s ter\u00fcleti jegyek janu\u00e1r v\u00e9g\u00e9ig \u00e9rv\u00e9nyesek, addig -ha a horg\u00e1sz szeretne id\u00e9n is pec\u00e1zni- ki kell v\u00e1ltani az idei enged\u00e9lyeket. A tavalyi fog\u00e1si napl\u00f3k lead\u00e1si hat\u00e1rideje febru\u00e1r 28-a. B\u00e1r id\u00e9n m\u00e9g nyomtatott form\u00e1ban is kiadj\u00e1k a legt\u00f6bb helyen a ter\u00fcleti enged\u00e9lyeket, a digitaliz\u00e1l\u00f3d\u00e1s folyamata elkezd\u0151d\u00f6tt. rn [&hellip;]<\/p>\n","protected":false},"author":2,"featured_media":0,"comment_status":"closed","ping_status":"closed","sticky":false,"template":"","format":"standard","meta":[],"categories":[6],"tags":[],"_links":{"self":[{"href":"http:\/\/archiv.szolnoktv.hu\/index.php?rest_route=\/wp\/v2\/posts\/3671"}],"collection":[{"href":"http:\/\/archiv.szolnoktv.hu\/index.php?rest_route=\/wp\/v2\/posts"}],"about":[{"href":"http:\/\/archiv.szolnoktv.hu\/index.php?rest_route=\/wp\/v2\/types\/post"}],"author":[{"embeddable":true,"href":"http:\/\/archiv.szolnoktv.hu\/index.php?rest_route=\/wp\/v2\/users\/2"}],"replies":[{"embeddable":true,"href":"http:\/\/archiv.szolnoktv.hu\/index.php?rest_route=%2Fwp%2Fv2%2Fcomments&post=3671"}],"version-history":[{"count":1,"href":"http:\/\/archiv.szolnoktv.hu\/index.php?rest_route=\/wp\/v2\/posts\/3671\/revisions"}],"predecessor-version":[{"id":3716,"href":"http:\/\/archiv.szolnoktv.hu\/index.php?rest_route=\/wp\/v2\/posts\/3671\/revisions\/3716"}],"wp:attachment":[{"href":"http:\/\/archiv.szolnoktv.hu\/index.php?rest_route=%2Fwp%2Fv2%2Fmedia&parent=3671"}],"wp:term":[{"taxonomy":"category","embeddable":true,"href":"http:\/\/archiv.szolnoktv.hu\/index.php?rest_route=%2Fwp%2Fv2%2Fcategories&post=3671"},{"taxonomy":"post_tag","embeddable":true,"href":"http:\/\/archiv.szolnoktv.hu\/index.php?rest_route=%2Fwp%2Fv2%2Ftags&post=3671"}],"curies":[{"name":"wp","href":"https:\/\/api.w.org\/{rel}","templated":true}]}}