{"id":3628,"date":"2021-01-11T17:33:01","date_gmt":"2021-01-11T17:33:01","guid":{"rendered":"http:\/\/archiv.szolnoktv.hu\/?p=3628"},"modified":"2021-08-02T17:02:14","modified_gmt":"2021-08-02T17:02:14","slug":"megnyitott-az-uj-kosarlabdacsarnok","status":"publish","type":"post","link":"http:\/\/archiv.szolnoktv.hu\/?p=3628","title":{"rendered":"Megnyitott az \u00faj kos\u00e1rlabdacsarnok"},"content":{"rendered":"<div class='booster-block booster-read-block'><\/div><p>Megnyitott Szolnok leg\u00fajabb kos\u00e1rlabdacsarnoka. Az egy\u00e9ni edz\u00e9sekre specializ\u00e1lt p\u00e1lya, \u00e9s hozz\u00e1 a konditerem, szauna \u00e9s massz\u00e1zs ma m\u00e9g csak az \u00e9rv\u00e9nyes versenyenged\u00e9llyel rendelkez\u0151 sportol\u00f3kat fogadhatja, a v\u00edrus elm\u00falt\u00e1val azonban mindenki el\u0151tt nyitva \u00e1ll majd. Az Evolution Basketball Ar\u00e9na -az alap\u00edt\u00f3 \u00e9s a vezet\u0151edz\u0151 szerint is- legink\u00e1bb az egy\u00e9ni teljes\u00edtm\u00e9ny fokoz\u00e1s\u00e1t seg\u00edtheti.rn <br \/>rn &nbsp;<div style=\"width: 640px;\" class=\"wp-video\"><!--[if lt IE 9]><script>document.createElement('video');<\/script><![endif]-->\n<video class=\"wp-video-shortcode\" id=\"video-3628-1\" width=\"640\" height=\"360\" preload=\"metadata\" controls=\"controls\"><source type=\"video\/mp4\" src=\"\/spots\/hir\/hir_210111_08.mp4?_=1\" \/><a href=\"\/spots\/hir\/hir_210111_08.mp4\">\/spots\/hir\/hir_210111_08.mp4<\/a><\/video><\/div><\/p>\n","protected":false},"excerpt":{"rendered":"<p>Megnyitott Szolnok leg\u00fajabb kos\u00e1rlabdacsarnoka. Az egy\u00e9ni edz\u00e9sekre specializ\u00e1lt p\u00e1lya, \u00e9s hozz\u00e1 a konditerem, szauna \u00e9s massz\u00e1zs ma m\u00e9g csak az \u00e9rv\u00e9nyes versenyenged\u00e9llyel rendelkez\u0151 sportol\u00f3kat fogadhatja, a v\u00edrus elm\u00falt\u00e1val azonban mindenki el\u0151tt nyitva \u00e1ll majd. Az Evolution Basketball Ar\u00e9na -az alap\u00edt\u00f3 \u00e9s a vezet\u0151edz\u0151 szerint is- legink\u00e1bb az egy\u00e9ni teljes\u00edtm\u00e9ny fokoz\u00e1s\u00e1t seg\u00edtheti.rn rn &nbsp;<\/p>\n","protected":false},"author":2,"featured_media":0,"comment_status":"closed","ping_status":"closed","sticky":false,"template":"","format":"standard","meta":[],"categories":[6],"tags":[],"_links":{"self":[{"href":"http:\/\/archiv.szolnoktv.hu\/index.php?rest_route=\/wp\/v2\/posts\/3628"}],"collection":[{"href":"http:\/\/archiv.szolnoktv.hu\/index.php?rest_route=\/wp\/v2\/posts"}],"about":[{"href":"http:\/\/archiv.szolnoktv.hu\/index.php?rest_route=\/wp\/v2\/types\/post"}],"author":[{"embeddable":true,"href":"http:\/\/archiv.szolnoktv.hu\/index.php?rest_route=\/wp\/v2\/users\/2"}],"replies":[{"embeddable":true,"href":"http:\/\/archiv.szolnoktv.hu\/index.php?rest_route=%2Fwp%2Fv2%2Fcomments&post=3628"}],"version-history":[{"count":1,"href":"http:\/\/archiv.szolnoktv.hu\/index.php?rest_route=\/wp\/v2\/posts\/3628\/revisions"}],"predecessor-version":[{"id":3635,"href":"http:\/\/archiv.szolnoktv.hu\/index.php?rest_route=\/wp\/v2\/posts\/3628\/revisions\/3635"}],"wp:attachment":[{"href":"http:\/\/archiv.szolnoktv.hu\/index.php?rest_route=%2Fwp%2Fv2%2Fmedia&parent=3628"}],"wp:term":[{"taxonomy":"category","embeddable":true,"href":"http:\/\/archiv.szolnoktv.hu\/index.php?rest_route=%2Fwp%2Fv2%2Fcategories&post=3628"},{"taxonomy":"post_tag","embeddable":true,"href":"http:\/\/archiv.szolnoktv.hu\/index.php?rest_route=%2Fwp%2Fv2%2Ftags&post=3628"}],"curies":[{"name":"wp","href":"https:\/\/api.w.org\/{rel}","templated":true}]}}