{"id":3624,"date":"2021-01-08T19:01:27","date_gmt":"2021-01-08T19:01:27","guid":{"rendered":"http:\/\/archiv.szolnoktv.hu\/?p=3624"},"modified":"2021-08-02T17:02:16","modified_gmt":"2021-08-02T17:02:16","slug":"ujra-kinyitott-a-karcagi-gyogyfurdo","status":"publish","type":"post","link":"http:\/\/archiv.szolnoktv.hu\/?p=3624","title":{"rendered":"\u00dajra kinyitott a karcagi gy\u00f3gyf\u00fcrd\u0151"},"content":{"rendered":"<div class='booster-block booster-read-block'><\/div><p>A j\u00e1rv\u00e1ny\u00fcgyi korl\u00e1toz\u00e1sok esetleges enyh\u00edt\u00e9s\u00e9r\u0151l, m\u00f3dos\u00edt\u00e1s\u00e1r\u00f3l m\u00e9g nem sz\u00fcletett d\u00f6nt\u00e9s. Arr\u00f3l viszont m\u00e1r besz\u00e1molhatunk, hogy az \u00e9v elej\u00e9t\u0151l \u00fajra fogadhat vend\u00e9geket a karcagi gy\u00f3gyf\u00fcrd\u0151, de csak olyanokat, akik gy\u00f3gykezel\u00e9sre \u00e9rkeznek. A nagymedenc\u00e9t a f\u00fcrd\u0151vend\u00e9gek tov\u00e1bbra sem l\u00e1togathatj\u00e1k \u00e9s ez \u00edgy lesz eg\u00e9szen addig, am\u00edg a j\u00e1rv\u00e1ny\u00fcgyi korl\u00e1toz\u00e1sok \u00e9rv\u00e9nyben vannak.  <br \/> &nbsp;<div style=\"width: 640px;\" class=\"wp-video\"><!--[if lt IE 9]><script>document.createElement('video');<\/script><![endif]-->\n<video class=\"wp-video-shortcode\" id=\"video-3624-1\" width=\"640\" height=\"360\" preload=\"metadata\" controls=\"controls\"><source type=\"video\/mp4\" src=\"\/spots\/hir\/hir_210107_08.mp4?_=1\" \/><a href=\"\/spots\/hir\/hir_210107_08.mp4\">\/spots\/hir\/hir_210107_08.mp4<\/a><\/video><\/div><\/p>\n","protected":false},"excerpt":{"rendered":"<p>A j\u00e1rv\u00e1ny\u00fcgyi korl\u00e1toz\u00e1sok esetleges enyh\u00edt\u00e9s\u00e9r\u0151l, m\u00f3dos\u00edt\u00e1s\u00e1r\u00f3l m\u00e9g nem sz\u00fcletett d\u00f6nt\u00e9s. Arr\u00f3l viszont m\u00e1r besz\u00e1molhatunk, hogy az \u00e9v elej\u00e9t\u0151l \u00fajra fogadhat vend\u00e9geket a karcagi gy\u00f3gyf\u00fcrd\u0151, de csak olyanokat, akik gy\u00f3gykezel\u00e9sre \u00e9rkeznek. A nagymedenc\u00e9t a f\u00fcrd\u0151vend\u00e9gek tov\u00e1bbra sem l\u00e1togathatj\u00e1k \u00e9s ez \u00edgy lesz eg\u00e9szen addig, am\u00edg a j\u00e1rv\u00e1ny\u00fcgyi korl\u00e1toz\u00e1sok \u00e9rv\u00e9nyben vannak. &nbsp;<\/p>\n","protected":false},"author":2,"featured_media":0,"comment_status":"closed","ping_status":"closed","sticky":false,"template":"","format":"standard","meta":[],"categories":[6],"tags":[],"_links":{"self":[{"href":"http:\/\/archiv.szolnoktv.hu\/index.php?rest_route=\/wp\/v2\/posts\/3624"}],"collection":[{"href":"http:\/\/archiv.szolnoktv.hu\/index.php?rest_route=\/wp\/v2\/posts"}],"about":[{"href":"http:\/\/archiv.szolnoktv.hu\/index.php?rest_route=\/wp\/v2\/types\/post"}],"author":[{"embeddable":true,"href":"http:\/\/archiv.szolnoktv.hu\/index.php?rest_route=\/wp\/v2\/users\/2"}],"replies":[{"embeddable":true,"href":"http:\/\/archiv.szolnoktv.hu\/index.php?rest_route=%2Fwp%2Fv2%2Fcomments&post=3624"}],"version-history":[{"count":1,"href":"http:\/\/archiv.szolnoktv.hu\/index.php?rest_route=\/wp\/v2\/posts\/3624\/revisions"}],"predecessor-version":[{"id":3639,"href":"http:\/\/archiv.szolnoktv.hu\/index.php?rest_route=\/wp\/v2\/posts\/3624\/revisions\/3639"}],"wp:attachment":[{"href":"http:\/\/archiv.szolnoktv.hu\/index.php?rest_route=%2Fwp%2Fv2%2Fmedia&parent=3624"}],"wp:term":[{"taxonomy":"category","embeddable":true,"href":"http:\/\/archiv.szolnoktv.hu\/index.php?rest_route=%2Fwp%2Fv2%2Fcategories&post=3624"},{"taxonomy":"post_tag","embeddable":true,"href":"http:\/\/archiv.szolnoktv.hu\/index.php?rest_route=%2Fwp%2Fv2%2Ftags&post=3624"}],"curies":[{"name":"wp","href":"https:\/\/api.w.org\/{rel}","templated":true}]}}