{"id":3623,"date":"2021-01-08T19:00:16","date_gmt":"2021-01-08T19:00:16","guid":{"rendered":"http:\/\/archiv.szolnoktv.hu\/?p=3623"},"modified":"2021-08-02T17:02:16","modified_gmt":"2021-08-02T17:02:16","slug":"moziklikk-a-tisza-mozi-uj-applikacioja","status":"publish","type":"post","link":"http:\/\/archiv.szolnoktv.hu\/?p=3623","title":{"rendered":"Moziklikk a Tisza mozi \u00faj applik\u00e1ci\u00f3ja"},"content":{"rendered":"<div class='booster-block booster-read-block'><\/div><p>A kor\u00e1bbin\u00e1l k\u00e9nyelmesebb sz\u00e9kekkel, valamint egyed\u00fcl\u00e1ll\u00f3 telefonos alkalmaz\u00e1ssal  v\u00e1rja az \u00fajranyit\u00e1st a Tisza mozi. A saj\u00e1t fejleszt\u00e9s\u0171 mobil applik\u00e1ci\u00f3n kereszt\u00fcl mozijegyet v\u00e1ltani \u00e9s asztalt foglalni egyar\u00e1nt lehet majd, de ak\u00e1r a m\u0171sort \u00e9s az italok \u00e1r\u00e1t is befoly\u00e1solhatjuk.  <br \/> &nbsp;<div style=\"width: 640px;\" class=\"wp-video\"><!--[if lt IE 9]><script>document.createElement('video');<\/script><![endif]-->\n<video class=\"wp-video-shortcode\" id=\"video-3623-1\" width=\"640\" height=\"360\" preload=\"metadata\" controls=\"controls\"><source type=\"video\/mp4\" src=\"\/spots\/hir\/hir_210107_02.mp4?_=1\" \/><a href=\"\/spots\/hir\/hir_210107_02.mp4\">\/spots\/hir\/hir_210107_02.mp4<\/a><\/video><\/div><\/p>\n","protected":false},"excerpt":{"rendered":"<p>A kor\u00e1bbin\u00e1l k\u00e9nyelmesebb sz\u00e9kekkel, valamint egyed\u00fcl\u00e1ll\u00f3 telefonos alkalmaz\u00e1ssal v\u00e1rja az \u00fajranyit\u00e1st a Tisza mozi. A saj\u00e1t fejleszt\u00e9s\u0171 mobil applik\u00e1ci\u00f3n kereszt\u00fcl mozijegyet v\u00e1ltani \u00e9s asztalt foglalni egyar\u00e1nt lehet majd, de ak\u00e1r a m\u0171sort \u00e9s az italok \u00e1r\u00e1t is befoly\u00e1solhatjuk. &nbsp;<\/p>\n","protected":false},"author":2,"featured_media":0,"comment_status":"closed","ping_status":"closed","sticky":false,"template":"","format":"standard","meta":[],"categories":[6],"tags":[],"_links":{"self":[{"href":"http:\/\/archiv.szolnoktv.hu\/index.php?rest_route=\/wp\/v2\/posts\/3623"}],"collection":[{"href":"http:\/\/archiv.szolnoktv.hu\/index.php?rest_route=\/wp\/v2\/posts"}],"about":[{"href":"http:\/\/archiv.szolnoktv.hu\/index.php?rest_route=\/wp\/v2\/types\/post"}],"author":[{"embeddable":true,"href":"http:\/\/archiv.szolnoktv.hu\/index.php?rest_route=\/wp\/v2\/users\/2"}],"replies":[{"embeddable":true,"href":"http:\/\/archiv.szolnoktv.hu\/index.php?rest_route=%2Fwp%2Fv2%2Fcomments&post=3623"}],"version-history":[{"count":1,"href":"http:\/\/archiv.szolnoktv.hu\/index.php?rest_route=\/wp\/v2\/posts\/3623\/revisions"}],"predecessor-version":[{"id":3640,"href":"http:\/\/archiv.szolnoktv.hu\/index.php?rest_route=\/wp\/v2\/posts\/3623\/revisions\/3640"}],"wp:attachment":[{"href":"http:\/\/archiv.szolnoktv.hu\/index.php?rest_route=%2Fwp%2Fv2%2Fmedia&parent=3623"}],"wp:term":[{"taxonomy":"category","embeddable":true,"href":"http:\/\/archiv.szolnoktv.hu\/index.php?rest_route=%2Fwp%2Fv2%2Fcategories&post=3623"},{"taxonomy":"post_tag","embeddable":true,"href":"http:\/\/archiv.szolnoktv.hu\/index.php?rest_route=%2Fwp%2Fv2%2Ftags&post=3623"}],"curies":[{"name":"wp","href":"https:\/\/api.w.org\/{rel}","templated":true}]}}