{"id":3621,"date":"2021-01-08T18:57:32","date_gmt":"2021-01-08T18:57:32","guid":{"rendered":"http:\/\/archiv.szolnoktv.hu\/?p=3621"},"modified":"2021-08-02T17:02:17","modified_gmt":"2021-08-02T17:02:17","slug":"polgarmesteri-gazdasagi-osszegzo","status":"publish","type":"post","link":"http:\/\/archiv.szolnoktv.hu\/?p=3621","title":{"rendered":"Polg\u00e1rmesteri gazdas\u00e1gi \u00f6sszegz\u0151"},"content":{"rendered":"<div class='booster-block booster-read-block'><\/div><p>Nem kell lemondani a legfontosabbakr\u00f3l. A december 24- i Magyar K\u00f6zl\u00f6nyben megjelent hivatalos inform\u00e1ci\u00f3 szerint csaknem 4.7 milli\u00e1rd forintot kap Szolnok m\u0171k\u00f6d\u00e9si k\u00f6lts\u00e9gekre, \u00fatkorszer\u0171s\u00edt\u00e9sre \u00e9s sportc\u00e9lokra. A mai D\u00f6nt\u00e9s Ut\u00e1nban err\u0151l is besz\u00e9lt Szalay Ferenc. Szolnok polg\u00e1rmestere meg is nevezett p\u00e1r konkr\u00e9t beruh\u00e1z\u00e1st, melyek a belv\u00e1ros \u00e9lhet\u0151bb\u00e9 t\u00e9tel\u00e9t szolg\u00e1lj\u00e1k. <br \/> &nbsp;<div style=\"width: 640px;\" class=\"wp-video\"><!--[if lt IE 9]><script>document.createElement('video');<\/script><![endif]-->\n<video class=\"wp-video-shortcode\" id=\"video-3621-1\" width=\"640\" height=\"360\" preload=\"metadata\" controls=\"controls\"><source type=\"video\/mp4\" src=\"\/spots\/hir\/hir_210108_04.mp4?_=1\" \/><a href=\"\/spots\/hir\/hir_210108_04.mp4\">\/spots\/hir\/hir_210108_04.mp4<\/a><\/video><\/div><\/p>\n","protected":false},"excerpt":{"rendered":"<p>Nem kell lemondani a legfontosabbakr\u00f3l. A december 24- i Magyar K\u00f6zl\u00f6nyben megjelent hivatalos inform\u00e1ci\u00f3 szerint csaknem 4.7 milli\u00e1rd forintot kap Szolnok m\u0171k\u00f6d\u00e9si k\u00f6lts\u00e9gekre, \u00fatkorszer\u0171s\u00edt\u00e9sre \u00e9s sportc\u00e9lokra. A mai D\u00f6nt\u00e9s Ut\u00e1nban err\u0151l is besz\u00e9lt Szalay Ferenc. Szolnok polg\u00e1rmestere meg is nevezett p\u00e1r konkr\u00e9t beruh\u00e1z\u00e1st, melyek a belv\u00e1ros \u00e9lhet\u0151bb\u00e9 t\u00e9tel\u00e9t szolg\u00e1lj\u00e1k. &nbsp;<\/p>\n","protected":false},"author":2,"featured_media":0,"comment_status":"closed","ping_status":"closed","sticky":false,"template":"","format":"standard","meta":[],"categories":[6],"tags":[],"_links":{"self":[{"href":"http:\/\/archiv.szolnoktv.hu\/index.php?rest_route=\/wp\/v2\/posts\/3621"}],"collection":[{"href":"http:\/\/archiv.szolnoktv.hu\/index.php?rest_route=\/wp\/v2\/posts"}],"about":[{"href":"http:\/\/archiv.szolnoktv.hu\/index.php?rest_route=\/wp\/v2\/types\/post"}],"author":[{"embeddable":true,"href":"http:\/\/archiv.szolnoktv.hu\/index.php?rest_route=\/wp\/v2\/users\/2"}],"replies":[{"embeddable":true,"href":"http:\/\/archiv.szolnoktv.hu\/index.php?rest_route=%2Fwp%2Fv2%2Fcomments&post=3621"}],"version-history":[{"count":1,"href":"http:\/\/archiv.szolnoktv.hu\/index.php?rest_route=\/wp\/v2\/posts\/3621\/revisions"}],"predecessor-version":[{"id":3642,"href":"http:\/\/archiv.szolnoktv.hu\/index.php?rest_route=\/wp\/v2\/posts\/3621\/revisions\/3642"}],"wp:attachment":[{"href":"http:\/\/archiv.szolnoktv.hu\/index.php?rest_route=%2Fwp%2Fv2%2Fmedia&parent=3621"}],"wp:term":[{"taxonomy":"category","embeddable":true,"href":"http:\/\/archiv.szolnoktv.hu\/index.php?rest_route=%2Fwp%2Fv2%2Fcategories&post=3621"},{"taxonomy":"post_tag","embeddable":true,"href":"http:\/\/archiv.szolnoktv.hu\/index.php?rest_route=%2Fwp%2Fv2%2Ftags&post=3621"}],"curies":[{"name":"wp","href":"https:\/\/api.w.org\/{rel}","templated":true}]}}