{"id":3609,"date":"2021-01-06T17:29:37","date_gmt":"2021-01-06T17:29:37","guid":{"rendered":"http:\/\/archiv.szolnoktv.hu\/?p=3609"},"modified":"2021-08-02T17:02:39","modified_gmt":"2021-08-02T17:02:39","slug":"anyakonyvi-adatok","status":"publish","type":"post","link":"http:\/\/archiv.szolnoktv.hu\/?p=3609","title":{"rendered":"Anyak\u00f6nyvi adatok"},"content":{"rendered":"<div class='booster-block booster-read-block'><\/div><p>Az elm\u00falt \u00e9veket felvonultat\u00f3 szolnoki anyak\u00f6nyvi statisztika t\u00f6bb szempontb\u00f3l is kedvez\u0151 folyamatokat mutat. T\u00f6bb gyermek sz\u00fcletett, \u00e9s t\u00f6bben k\u00f6t\u00f6ttek h\u00e1zass\u00e1got mint tavaly. Sajnos t\u00f6bben hunytak el, mint 2019-ben. A v\u00e1l\u00e1sok sz\u00e1ma azonban cs\u00f6kkent. rn <br \/> &nbsp;<div style=\"width: 640px;\" class=\"wp-video\"><!--[if lt IE 9]><script>document.createElement('video');<\/script><![endif]-->\n<video class=\"wp-video-shortcode\" id=\"video-3609-1\" width=\"640\" height=\"360\" preload=\"metadata\" controls=\"controls\"><source type=\"video\/mp4\" src=\"\/spots\/hir\/hir_210106_09.mp4?_=1\" \/><a href=\"\/spots\/hir\/hir_210106_09.mp4\">\/spots\/hir\/hir_210106_09.mp4<\/a><\/video><\/div><\/p>\n","protected":false},"excerpt":{"rendered":"<p>Az elm\u00falt \u00e9veket felvonultat\u00f3 szolnoki anyak\u00f6nyvi statisztika t\u00f6bb szempontb\u00f3l is kedvez\u0151 folyamatokat mutat. T\u00f6bb gyermek sz\u00fcletett, \u00e9s t\u00f6bben k\u00f6t\u00f6ttek h\u00e1zass\u00e1got mint tavaly. Sajnos t\u00f6bben hunytak el, mint 2019-ben. A v\u00e1l\u00e1sok sz\u00e1ma azonban cs\u00f6kkent. rn &nbsp;<\/p>\n","protected":false},"author":2,"featured_media":0,"comment_status":"closed","ping_status":"closed","sticky":false,"template":"","format":"standard","meta":[],"categories":[6],"tags":[],"_links":{"self":[{"href":"http:\/\/archiv.szolnoktv.hu\/index.php?rest_route=\/wp\/v2\/posts\/3609"}],"collection":[{"href":"http:\/\/archiv.szolnoktv.hu\/index.php?rest_route=\/wp\/v2\/posts"}],"about":[{"href":"http:\/\/archiv.szolnoktv.hu\/index.php?rest_route=\/wp\/v2\/types\/post"}],"author":[{"embeddable":true,"href":"http:\/\/archiv.szolnoktv.hu\/index.php?rest_route=\/wp\/v2\/users\/2"}],"replies":[{"embeddable":true,"href":"http:\/\/archiv.szolnoktv.hu\/index.php?rest_route=%2Fwp%2Fv2%2Fcomments&post=3609"}],"version-history":[{"count":1,"href":"http:\/\/archiv.szolnoktv.hu\/index.php?rest_route=\/wp\/v2\/posts\/3609\/revisions"}],"predecessor-version":[{"id":3654,"href":"http:\/\/archiv.szolnoktv.hu\/index.php?rest_route=\/wp\/v2\/posts\/3609\/revisions\/3654"}],"wp:attachment":[{"href":"http:\/\/archiv.szolnoktv.hu\/index.php?rest_route=%2Fwp%2Fv2%2Fmedia&parent=3609"}],"wp:term":[{"taxonomy":"category","embeddable":true,"href":"http:\/\/archiv.szolnoktv.hu\/index.php?rest_route=%2Fwp%2Fv2%2Fcategories&post=3609"},{"taxonomy":"post_tag","embeddable":true,"href":"http:\/\/archiv.szolnoktv.hu\/index.php?rest_route=%2Fwp%2Fv2%2Ftags&post=3609"}],"curies":[{"name":"wp","href":"https:\/\/api.w.org\/{rel}","templated":true}]}}