{"id":3581,"date":"2021-01-05T17:13:19","date_gmt":"2021-01-05T17:13:19","guid":{"rendered":"http:\/\/archiv.szolnoktv.hu\/?p=3581"},"modified":"2021-08-02T16:52:46","modified_gmt":"2021-08-02T16:52:46","slug":"tisza-tavi-kerekparos-statisztika","status":"publish","type":"post","link":"http:\/\/archiv.szolnoktv.hu\/?p=3581","title":{"rendered":"Tisza-tavi ker\u00e9kp\u00e1ros-statisztika"},"content":{"rendered":"<div class='booster-block booster-read-block'><\/div><p>Ker\u00e9kp\u00e1ros-rekord sz\u00fcletett a Kisk\u00f6rei v\u00edzl\u00e9pcs\u00f5 \u00fczemi h\u00eddj\u00e1n 2020-ban: \u00f6sszesen 70 ezer 435-en bring\u00e1ztak \u00e1t rajta. Ez egyr\u00e9szt a szabadid\u00f5s ker\u00e9kp\u00e1roz\u00e1s n\u00e9pszer\u00fbs\u00e9g-n\u00f6veked\u00e9s\u00e9vel magyar\u00e1zhat\u00f3, de sokakat a j\u00fanius v\u00e9g\u00e9n \u00e1tadott korszer\u00fb ker\u00e9kp\u00e1r\u00fat vonzott, amelyen a Tisza-t\u00f3 imm\u00e1r f\u00e9l \u00e9ve k\u00f6rbekerekezhet\u00f5.  <br \/> &nbsp;<div style=\"width: 640px;\" class=\"wp-video\"><!--[if lt IE 9]><script>document.createElement('video');<\/script><![endif]-->\n<video class=\"wp-video-shortcode\" id=\"video-3581-1\" width=\"640\" height=\"360\" preload=\"metadata\" controls=\"controls\"><source type=\"video\/mp4\" src=\"\/spots\/hir\/hir_210105_01.mp4?_=1\" \/><a href=\"\/spots\/hir\/hir_210105_01.mp4\">\/spots\/hir\/hir_210105_01.mp4<\/a><\/video><\/div><\/p>\n","protected":false},"excerpt":{"rendered":"<p>Ker\u00e9kp\u00e1ros-rekord sz\u00fcletett a Kisk\u00f6rei v\u00edzl\u00e9pcs\u00f5 \u00fczemi h\u00eddj\u00e1n 2020-ban: \u00f6sszesen 70 ezer 435-en bring\u00e1ztak \u00e1t rajta. Ez egyr\u00e9szt a szabadid\u00f5s ker\u00e9kp\u00e1roz\u00e1s n\u00e9pszer\u00fbs\u00e9g-n\u00f6veked\u00e9s\u00e9vel magyar\u00e1zhat\u00f3, de sokakat a j\u00fanius v\u00e9g\u00e9n \u00e1tadott korszer\u00fb ker\u00e9kp\u00e1r\u00fat vonzott, amelyen a Tisza-t\u00f3 imm\u00e1r f\u00e9l \u00e9ve k\u00f6rbekerekezhet\u00f5. &nbsp;<\/p>\n","protected":false},"author":2,"featured_media":0,"comment_status":"closed","ping_status":"closed","sticky":false,"template":"","format":"standard","meta":[],"categories":[6],"tags":[],"_links":{"self":[{"href":"http:\/\/archiv.szolnoktv.hu\/index.php?rest_route=\/wp\/v2\/posts\/3581"}],"collection":[{"href":"http:\/\/archiv.szolnoktv.hu\/index.php?rest_route=\/wp\/v2\/posts"}],"about":[{"href":"http:\/\/archiv.szolnoktv.hu\/index.php?rest_route=\/wp\/v2\/types\/post"}],"author":[{"embeddable":true,"href":"http:\/\/archiv.szolnoktv.hu\/index.php?rest_route=\/wp\/v2\/users\/2"}],"replies":[{"embeddable":true,"href":"http:\/\/archiv.szolnoktv.hu\/index.php?rest_route=%2Fwp%2Fv2%2Fcomments&post=3581"}],"version-history":[{"count":1,"href":"http:\/\/archiv.szolnoktv.hu\/index.php?rest_route=\/wp\/v2\/posts\/3581\/revisions"}],"predecessor-version":[{"id":3592,"href":"http:\/\/archiv.szolnoktv.hu\/index.php?rest_route=\/wp\/v2\/posts\/3581\/revisions\/3592"}],"wp:attachment":[{"href":"http:\/\/archiv.szolnoktv.hu\/index.php?rest_route=%2Fwp%2Fv2%2Fmedia&parent=3581"}],"wp:term":[{"taxonomy":"category","embeddable":true,"href":"http:\/\/archiv.szolnoktv.hu\/index.php?rest_route=%2Fwp%2Fv2%2Fcategories&post=3581"},{"taxonomy":"post_tag","embeddable":true,"href":"http:\/\/archiv.szolnoktv.hu\/index.php?rest_route=%2Fwp%2Fv2%2Ftags&post=3581"}],"curies":[{"name":"wp","href":"https:\/\/api.w.org\/{rel}","templated":true}]}}