{"id":31879,"date":"2008-07-14T19:00:48","date_gmt":"2008-07-14T19:00:48","guid":{"rendered":"http:\/\/archiv.szolnoktv.hu\/?p=31879"},"modified":"2021-11-17T14:56:14","modified_gmt":"2021-11-17T14:56:14","slug":"sztrajk","status":"publish","type":"post","link":"http:\/\/archiv.szolnoktv.hu\/?p=31879","title":{"rendered":"Sztr\u00e1jk"},"content":{"rendered":"<div class='booster-block booster-read-block'><\/div><p>Hol volt, hol nem volt. \u00dagy sztr\u00e1jkolnak a vasutasok, hogy csak alig n\u00e9h\u00e1nyan nem vett\u00e9k fel a munk\u00e1t. Szolnokon szinte nem is lehetett \u00e9szre venni, hogy a M\u00c1V n\u00e9h\u00e1ny munkat\u00e1rsa nem dolgozik.<br \/>\nB\u00e1r Szolnokon nincs fennakad\u00e1s a vonat k\u00f6zleked\u00e9sben, az\u00e9rt felirat figyelmeztet, utaz\u00e1s el\u0151tt aj\u00e1nlott t\u00e1j\u00e9koz\u00f3dni. A legink\u00e1bb \u00e9rintettek, azaz az utasok t\u00fcrelme m\u00e1r fogyt\u00e1n, a M\u00c1V munkat\u00e1rsai azonban nem adj\u00e1k fel. K\u00f6vetel\u00e9s\u00fck tov\u00e1bbra is 10%-os fizet\u00e9semel\u00e9s, plusz 250ezer forint egyszeri juttat\u00e1s. A t\u00e1rsas\u00e1g nem fizet, a dolgoz\u00f3k nem engednek. N\u00e9h\u00e1ny szakszervezeti tag, nev\u00fcket \u00e9s arcukat nem v\u00e1llalva elmondt\u00e1k, maguk is jogtalannak tartj\u00e1k a k\u00f6vetel\u00e9seket. Inform\u00e1ci\u00f3ink szerint a szolnoki vas\u00fat\u00e1llom\u00e1son mind\u00f6ssze 10 jegyvizsg\u00e1l\u00f3 nem vette fel a munk\u00e1t. A t\u00f6bbi alkalmazott dolgozik, mintha mi sem t\u00f6rt\u00e9nt volna. \u00c9s val\u00f3ban. Szolnokon nincs jele a sztr\u00e1jknak. Itt szinte zavartalan a k\u00f6zleked\u00e9s. Az orsz\u00e1g m\u00e1s r\u00e9szein viszont el\u0151fordulnak j\u00e1ratkimarad\u00e1sok. Azt, hogy ez a sztr\u00e1jk meddig tart m\u00e9g nem lehet tudni.<\/p>\n","protected":false},"excerpt":{"rendered":"<p>Hol volt, hol nem volt. \u00dagy sztr\u00e1jkolnak a vasutasok, hogy csak alig n\u00e9h\u00e1nyan nem vett\u00e9k fel a munk\u00e1t. Szolnokon szinte nem is lehetett \u00e9szre venni, hogy a M\u00c1V n\u00e9h\u00e1ny munkat\u00e1rsa nem dolgozik. B\u00e1r Szolnokon nincs fennakad\u00e1s a vonat k\u00f6zleked\u00e9sben, az\u00e9rt felirat figyelmeztet, utaz\u00e1s el\u0151tt aj\u00e1nlott t\u00e1j\u00e9koz\u00f3dni. A legink\u00e1bb \u00e9rintettek, azaz az utasok t\u00fcrelme m\u00e1r fogyt\u00e1n, [&hellip;]<\/p>\n","protected":false},"author":2,"featured_media":0,"comment_status":"open","ping_status":"open","sticky":false,"template":"","format":"standard","meta":[],"categories":[24],"tags":[],"_links":{"self":[{"href":"http:\/\/archiv.szolnoktv.hu\/index.php?rest_route=\/wp\/v2\/posts\/31879"}],"collection":[{"href":"http:\/\/archiv.szolnoktv.hu\/index.php?rest_route=\/wp\/v2\/posts"}],"about":[{"href":"http:\/\/archiv.szolnoktv.hu\/index.php?rest_route=\/wp\/v2\/types\/post"}],"author":[{"embeddable":true,"href":"http:\/\/archiv.szolnoktv.hu\/index.php?rest_route=\/wp\/v2\/users\/2"}],"replies":[{"embeddable":true,"href":"http:\/\/archiv.szolnoktv.hu\/index.php?rest_route=%2Fwp%2Fv2%2Fcomments&post=31879"}],"version-history":[{"count":1,"href":"http:\/\/archiv.szolnoktv.hu\/index.php?rest_route=\/wp\/v2\/posts\/31879\/revisions"}],"predecessor-version":[{"id":31926,"href":"http:\/\/archiv.szolnoktv.hu\/index.php?rest_route=\/wp\/v2\/posts\/31879\/revisions\/31926"}],"wp:attachment":[{"href":"http:\/\/archiv.szolnoktv.hu\/index.php?rest_route=%2Fwp%2Fv2%2Fmedia&parent=31879"}],"wp:term":[{"taxonomy":"category","embeddable":true,"href":"http:\/\/archiv.szolnoktv.hu\/index.php?rest_route=%2Fwp%2Fv2%2Fcategories&post=31879"},{"taxonomy":"post_tag","embeddable":true,"href":"http:\/\/archiv.szolnoktv.hu\/index.php?rest_route=%2Fwp%2Fv2%2Ftags&post=31879"}],"curies":[{"name":"wp","href":"https:\/\/api.w.org\/{rel}","templated":true}]}}