{"id":31878,"date":"2008-07-14T19:00:21","date_gmt":"2008-07-14T19:00:21","guid":{"rendered":"http:\/\/archiv.szolnoktv.hu\/?p=31878"},"modified":"2021-11-17T14:56:15","modified_gmt":"2021-11-17T14:56:15","slug":"otthonmustra","status":"publish","type":"post","link":"http:\/\/archiv.szolnoktv.hu\/?p=31878","title":{"rendered":"Otthonmustra"},"content":{"rendered":"<div class='booster-block booster-read-block'><\/div><p>Szeptembert\u0151l \u00fajabb lak\u00f3otthonba k\u00f6lt\u00f6zhetnek \u00e9rtelmi s\u00e9r\u00fclt feln\u0151ttek Szolnokon. Akik a t\u00e9r\u00edt\u00e9si d\u00edjat, azaz a lakb\u00e9rt \u00e9s az ell\u00e1t\u00e1st  meg tudj\u00e1k fizetni, szeptembert\u0151l k\u00f6lt\u00f6zhetnek a Th\u00f6k\u00f6ly \u00fati \u00e9p\u00fcletbe.<br \/>\nA m\u0171szaki \u00e1tad\u00e1s h\u00e9tf\u0151n megt\u00f6rt\u00e9nt. A hib\u00e1k jav\u00edt\u00e1sa ut\u00e1n a haszn\u00e1latba v\u00e9teli enged\u00e9lyre v\u00e1rnak csak, v\u00e9lhet\u0151en szeptemberben k\u00f6lt\u00f6zhet a tizenk\u00e9t lak\u00f3. \u00d5k azok, akik m\u00e1r eddig is k\u00e9pesek voltak egyfajta \u00f6n\u00e1ll\u00f3s\u00e1gra, itt pedig kialak\u00edthatj\u00e1k a teljes f\u00fcggetlens\u00e9g\u00fcket. Huszonn\u00e9gy\u00f3r\u00e1s seg\u00edt\u0151szolg\u00e1lat \u00e1ll az otthonlak\u00f3k rendelkez\u00e9s\u00e9re. A mozg\u00e1skorl\u00e1tozottakra is gondoltak, \u0151ket szolg\u00e1lja a lift \u00e9s a speci\u00e1lis f\u00fcrd\u0151szoba. A k\u00f6z\u00f6ss\u00e9gi helyis\u00e9gekben telev\u00edzi\u00f3, kond\u00edcion\u00e1l\u00f3 g\u00e9pek v\u00e1laszthat\u00f3k id\u0151t\u00f6lt\u00e9s\u00fcl. Egy szob\u00e1ba ketten k\u00f6lt\u00f6znek majd. Az els\u0151 lak\u00f3k szeptemberben foglalhatj\u00e1k el a hely\u00fcket a hetvenh\u00e1rom milli\u00f3 forintba ker\u00fclt, mai ig\u00e9ny szerint meg\u00e9p\u00edtett lak\u00f3otthonban.<\/p>\n","protected":false},"excerpt":{"rendered":"<p>Szeptembert\u0151l \u00fajabb lak\u00f3otthonba k\u00f6lt\u00f6zhetnek \u00e9rtelmi s\u00e9r\u00fclt feln\u0151ttek Szolnokon. Akik a t\u00e9r\u00edt\u00e9si d\u00edjat, azaz a lakb\u00e9rt \u00e9s az ell\u00e1t\u00e1st meg tudj\u00e1k fizetni, szeptembert\u0151l k\u00f6lt\u00f6zhetnek a Th\u00f6k\u00f6ly \u00fati \u00e9p\u00fcletbe. A m\u0171szaki \u00e1tad\u00e1s h\u00e9tf\u0151n megt\u00f6rt\u00e9nt. A hib\u00e1k jav\u00edt\u00e1sa ut\u00e1n a haszn\u00e1latba v\u00e9teli enged\u00e9lyre v\u00e1rnak csak, v\u00e9lhet\u0151en szeptemberben k\u00f6lt\u00f6zhet a tizenk\u00e9t lak\u00f3. \u00d5k azok, akik m\u00e1r eddig is k\u00e9pesek [&hellip;]<\/p>\n","protected":false},"author":2,"featured_media":0,"comment_status":"open","ping_status":"open","sticky":false,"template":"","format":"standard","meta":[],"categories":[24],"tags":[],"_links":{"self":[{"href":"http:\/\/archiv.szolnoktv.hu\/index.php?rest_route=\/wp\/v2\/posts\/31878"}],"collection":[{"href":"http:\/\/archiv.szolnoktv.hu\/index.php?rest_route=\/wp\/v2\/posts"}],"about":[{"href":"http:\/\/archiv.szolnoktv.hu\/index.php?rest_route=\/wp\/v2\/types\/post"}],"author":[{"embeddable":true,"href":"http:\/\/archiv.szolnoktv.hu\/index.php?rest_route=\/wp\/v2\/users\/2"}],"replies":[{"embeddable":true,"href":"http:\/\/archiv.szolnoktv.hu\/index.php?rest_route=%2Fwp%2Fv2%2Fcomments&post=31878"}],"version-history":[{"count":1,"href":"http:\/\/archiv.szolnoktv.hu\/index.php?rest_route=\/wp\/v2\/posts\/31878\/revisions"}],"predecessor-version":[{"id":31927,"href":"http:\/\/archiv.szolnoktv.hu\/index.php?rest_route=\/wp\/v2\/posts\/31878\/revisions\/31927"}],"wp:attachment":[{"href":"http:\/\/archiv.szolnoktv.hu\/index.php?rest_route=%2Fwp%2Fv2%2Fmedia&parent=31878"}],"wp:term":[{"taxonomy":"category","embeddable":true,"href":"http:\/\/archiv.szolnoktv.hu\/index.php?rest_route=%2Fwp%2Fv2%2Fcategories&post=31878"},{"taxonomy":"post_tag","embeddable":true,"href":"http:\/\/archiv.szolnoktv.hu\/index.php?rest_route=%2Fwp%2Fv2%2Ftags&post=31878"}],"curies":[{"name":"wp","href":"https:\/\/api.w.org\/{rel}","templated":true}]}}