{"id":31877,"date":"2008-07-14T18:59:53","date_gmt":"2008-07-14T18:59:53","guid":{"rendered":"http:\/\/archiv.szolnoktv.hu\/?p=31877"},"modified":"2021-11-17T14:56:15","modified_gmt":"2021-11-17T14:56:15","slug":"ejszakai-repules","status":"publish","type":"post","link":"http:\/\/archiv.szolnoktv.hu\/?p=31877","title":{"rendered":"\u00c9jszakai rep\u00fcl\u00e9s"},"content":{"rendered":"<div class='booster-block booster-read-block'><\/div><p>\u00c9jszaka is rep\u00fclhetnek. A Magyar Honv\u00e9ds\u00e9g t\u00f6rt\u00e9net\u00e9ben el\u0151sz\u00f6r h\u00e1rom szolnoki pil\u00f3t\u00e1t k\u00e9peztek ki \u00e9jjell\u00e1t\u00f3 k\u00e9sz\u00fcl\u00e9k haszn\u00e1lat\u00e1ra. A k\u00e9t h\u00f3napos oroszorsz\u00e1gi gyakorlat ut\u00e1n a napokban t\u00e9rtek haza a katon\u00e1k.<br \/>\n\u00c9jjell\u00e1t\u00f3val felszerelt helikopter m\u00e9g nincs, k\u00e9pzett pil\u00f3t\u00e1k viszont m\u00e1r vannak a 86. Szolnok Helikopter B\u00e1zison. H\u00e1rom a szolnoki hely\u0151rs\u00e9gn\u00e9l szolg\u00e1l\u00f3 katona saj\u00e1t\u00edthatta el a Magyar Honv\u00e9ds\u00e9g t\u00f6rt\u00e9net\u00e9ben el\u0151sz\u00f6r az \u00e9jjell\u00e1t\u00f3 berendez\u00e9sek haszn\u00e1lat\u00e1t. \u00cdgy, ahogy Lamos Imre dand\u00e1rt\u00e1bornok fogalmazott, \u00faj fejezetet nyitottak a rep\u00fcl\u00e9s t\u00f6rt\u00e9net\u00e9ben. A berendez\u00e9s egy\u00e9bk\u00e9nt igen hat\u00e9kony, ak\u00e1r 500 m\u00e9ter t\u00e1vols\u00e1gb\u00f3l is tiszta k\u00e9pet ad az \u00e9jszaka s\u00f6t\u00e9tj\u00e9ben. Ahogy mondt\u00e1k, a k\u00fcl\u00f6nbs\u00e9g hatalmas, olyan mintha nappal rep\u00fcln\u00e9nek, csak ez a szerkezet z\u00f6ld k\u00e9pet ad. Az \u00e9jjell\u00e1t\u00f3val felszerelt g\u00e9pek, sz\u00e1m szerint h\u00e1rom darab, a tervek szerint k\u00e9t h\u00e9t m\u00falva \u00e9rkeznek Szolnokra. A b\u00e1zis t\u00f6bbi pil\u00f3t\u00e1j\u00e1nak is k\u00f6telez\u0151 lesz elsaj\u00e1t\u00edtaniuk a berendez\u00e9s haszn\u00e1lat\u00e1t. \u00d5ket a h\u00e1rom Oroszorsz\u00e1got is megj\u00e1rt katona k\u00e9pzi ki.<\/p>\n","protected":false},"excerpt":{"rendered":"<p>\u00c9jszaka is rep\u00fclhetnek. A Magyar Honv\u00e9ds\u00e9g t\u00f6rt\u00e9net\u00e9ben el\u0151sz\u00f6r h\u00e1rom szolnoki pil\u00f3t\u00e1t k\u00e9peztek ki \u00e9jjell\u00e1t\u00f3 k\u00e9sz\u00fcl\u00e9k haszn\u00e1lat\u00e1ra. A k\u00e9t h\u00f3napos oroszorsz\u00e1gi gyakorlat ut\u00e1n a napokban t\u00e9rtek haza a katon\u00e1k. \u00c9jjell\u00e1t\u00f3val felszerelt helikopter m\u00e9g nincs, k\u00e9pzett pil\u00f3t\u00e1k viszont m\u00e1r vannak a 86. Szolnok Helikopter B\u00e1zison. H\u00e1rom a szolnoki hely\u0151rs\u00e9gn\u00e9l szolg\u00e1l\u00f3 katona saj\u00e1t\u00edthatta el a Magyar Honv\u00e9ds\u00e9g t\u00f6rt\u00e9net\u00e9ben [&hellip;]<\/p>\n","protected":false},"author":2,"featured_media":0,"comment_status":"open","ping_status":"open","sticky":false,"template":"","format":"standard","meta":[],"categories":[24],"tags":[],"_links":{"self":[{"href":"http:\/\/archiv.szolnoktv.hu\/index.php?rest_route=\/wp\/v2\/posts\/31877"}],"collection":[{"href":"http:\/\/archiv.szolnoktv.hu\/index.php?rest_route=\/wp\/v2\/posts"}],"about":[{"href":"http:\/\/archiv.szolnoktv.hu\/index.php?rest_route=\/wp\/v2\/types\/post"}],"author":[{"embeddable":true,"href":"http:\/\/archiv.szolnoktv.hu\/index.php?rest_route=\/wp\/v2\/users\/2"}],"replies":[{"embeddable":true,"href":"http:\/\/archiv.szolnoktv.hu\/index.php?rest_route=%2Fwp%2Fv2%2Fcomments&post=31877"}],"version-history":[{"count":1,"href":"http:\/\/archiv.szolnoktv.hu\/index.php?rest_route=\/wp\/v2\/posts\/31877\/revisions"}],"predecessor-version":[{"id":31928,"href":"http:\/\/archiv.szolnoktv.hu\/index.php?rest_route=\/wp\/v2\/posts\/31877\/revisions\/31928"}],"wp:attachment":[{"href":"http:\/\/archiv.szolnoktv.hu\/index.php?rest_route=%2Fwp%2Fv2%2Fmedia&parent=31877"}],"wp:term":[{"taxonomy":"category","embeddable":true,"href":"http:\/\/archiv.szolnoktv.hu\/index.php?rest_route=%2Fwp%2Fv2%2Fcategories&post=31877"},{"taxonomy":"post_tag","embeddable":true,"href":"http:\/\/archiv.szolnoktv.hu\/index.php?rest_route=%2Fwp%2Fv2%2Ftags&post=31877"}],"curies":[{"name":"wp","href":"https:\/\/api.w.org\/{rel}","templated":true}]}}