{"id":31876,"date":"2008-07-14T18:59:22","date_gmt":"2008-07-14T18:59:22","guid":{"rendered":"http:\/\/archiv.szolnoktv.hu\/?p=31876"},"modified":"2021-11-17T14:56:15","modified_gmt":"2021-11-17T14:56:15","slug":"bombariado-a-kereskedelmi-es-iparkamara-epuleteben","status":"publish","type":"post","link":"http:\/\/archiv.szolnoktv.hu\/?p=31876","title":{"rendered":"Bombariad\u00f3 a kereskedelmi \u00e9s iparkamara \u00e9p\u00fclet\u00e9ben."},"content":{"rendered":"<div class='booster-block booster-read-block'><\/div><p>H\u00e1romnegyed t\u00edzkor telefon\u00e1ltak a kamar\u00e1t\u00f3l a rend\u0151rs\u00e9ge, mivel percekkel kor\u00e1bban egy ismeretlen betelefon\u00e1l\u00f3 azzal fenyeget\u0151z\u00f6tt, hogy bomba van az \u00e9p\u00fcletben. A rend\u0151r\u00f6k ki\u00fcr\u00edtett\u00e9k az \u00e9p\u00fcletet, a bombakeres\u0151 j\u00e1r\u0151r\u00f6k \u00e1tvizsg\u00e1lt\u00e1k azt. Ez\u00fattal sem tal\u00e1ltak sem robban\u00f3anyagot, sem robban\u00f3szerkezetet. A rend\u0151rs\u00e9g most k\u00f6zvesz\u00e9llyel fenyeget\u00e9s miatt nyomoz. Ennek a b\u00fcntet\u00e9si t\u00e9tele h\u00e1rom \u00e9v. N\u00e9h\u00e1ny hete a munka\u00fcgyi k\u00f6zpont szolnoki kirendelts\u00e9g\u00e9ben volt bombariad\u00f3. Ott sem tal\u00e1ltak semmit.<\/p>\n","protected":false},"excerpt":{"rendered":"<p>H\u00e1romnegyed t\u00edzkor telefon\u00e1ltak a kamar\u00e1t\u00f3l a rend\u0151rs\u00e9ge, mivel percekkel kor\u00e1bban egy ismeretlen betelefon\u00e1l\u00f3 azzal fenyeget\u0151z\u00f6tt, hogy bomba van az \u00e9p\u00fcletben. A rend\u0151r\u00f6k ki\u00fcr\u00edtett\u00e9k az \u00e9p\u00fcletet, a bombakeres\u0151 j\u00e1r\u0151r\u00f6k \u00e1tvizsg\u00e1lt\u00e1k azt. Ez\u00fattal sem tal\u00e1ltak sem robban\u00f3anyagot, sem robban\u00f3szerkezetet. A rend\u0151rs\u00e9g most k\u00f6zvesz\u00e9llyel fenyeget\u00e9s miatt nyomoz. Ennek a b\u00fcntet\u00e9si t\u00e9tele h\u00e1rom \u00e9v. N\u00e9h\u00e1ny hete a munka\u00fcgyi k\u00f6zpont [&hellip;]<\/p>\n","protected":false},"author":2,"featured_media":0,"comment_status":"open","ping_status":"open","sticky":false,"template":"","format":"standard","meta":[],"categories":[24],"tags":[],"_links":{"self":[{"href":"http:\/\/archiv.szolnoktv.hu\/index.php?rest_route=\/wp\/v2\/posts\/31876"}],"collection":[{"href":"http:\/\/archiv.szolnoktv.hu\/index.php?rest_route=\/wp\/v2\/posts"}],"about":[{"href":"http:\/\/archiv.szolnoktv.hu\/index.php?rest_route=\/wp\/v2\/types\/post"}],"author":[{"embeddable":true,"href":"http:\/\/archiv.szolnoktv.hu\/index.php?rest_route=\/wp\/v2\/users\/2"}],"replies":[{"embeddable":true,"href":"http:\/\/archiv.szolnoktv.hu\/index.php?rest_route=%2Fwp%2Fv2%2Fcomments&post=31876"}],"version-history":[{"count":1,"href":"http:\/\/archiv.szolnoktv.hu\/index.php?rest_route=\/wp\/v2\/posts\/31876\/revisions"}],"predecessor-version":[{"id":31929,"href":"http:\/\/archiv.szolnoktv.hu\/index.php?rest_route=\/wp\/v2\/posts\/31876\/revisions\/31929"}],"wp:attachment":[{"href":"http:\/\/archiv.szolnoktv.hu\/index.php?rest_route=%2Fwp%2Fv2%2Fmedia&parent=31876"}],"wp:term":[{"taxonomy":"category","embeddable":true,"href":"http:\/\/archiv.szolnoktv.hu\/index.php?rest_route=%2Fwp%2Fv2%2Fcategories&post=31876"},{"taxonomy":"post_tag","embeddable":true,"href":"http:\/\/archiv.szolnoktv.hu\/index.php?rest_route=%2Fwp%2Fv2%2Ftags&post=31876"}],"curies":[{"name":"wp","href":"https:\/\/api.w.org\/{rel}","templated":true}]}}