{"id":31875,"date":"2008-07-14T01:21:46","date_gmt":"2008-07-14T01:21:46","guid":{"rendered":"http:\/\/archiv.szolnoktv.hu\/?p=31875"},"modified":"2021-11-17T14:56:15","modified_gmt":"2021-11-17T14:56:15","slug":"osszetartozunk","status":"publish","type":"post","link":"http:\/\/archiv.szolnoktv.hu\/?p=31875","title":{"rendered":"\u00d6sszetartozunk."},"content":{"rendered":"<div class='booster-block booster-read-block'><\/div><p>A sztr\u00e1jkhangulat ellen\u00e9re a Vasutas Dolgoz\u00f3k Szabad Szakszervezet\u00e9nek csapata is egy\u00fctt f\u0151z\u00f6tt a M\u00c1V vezet\u00e9s\u00e9vel szombaton. Konfliktus helyett \u00edgy kiv\u00e1l\u00f3 hangulat jellemezte az 58. vasutasnapot. Ahol a szlogen az \u00f6sszetartoz\u00e1s volt, amit a vasutas becs\u00fclet \u00e9s trad\u00edci\u00f3 alapoznak meg. A j\u00f3 hangulatot pedig a Cuh\u00e1r\u00e9 N\u00e9pt\u00e1ncegy\u00fcttes, egyb\u0151l az \u00fcnnep\u00e9lyes megnyit\u00f3 ut\u00e1n.<br \/>Az idei vasutasnapra legal\u00e1bb 6 ezer embert v\u00e1rtak, v\u00e9g\u00fcl enn\u00e9l j\u00f3val t\u00f6bben voltak. Nem \u00fagy, mint a v\u00e9rad\u00f3-helys\u00e9gben. Ide 11 \u00f3r\u00e1ig mind\u00f6ssze 8-an t\u00e9vedtek be. B\u00e1r a szervez\u0151k nem is sz\u00e1m\u00edtottak t\u00f6bbre. Az eg\u00e9szs\u00e9g\u00fcgyi s\u00e1torban viszont \u00f3ri\u00e1si volt az \u00e9rdekl\u0151d\u00e9s. A v\u00e9rnyom\u00e1s mellett itt ingyen m\u00e9rtek v\u00e9rcukrot \u00e9s testzs\u00edr-t\u00f6meget, s\u0151t massz\u00e1zst is v\u00e1llaltak, ingyen.<\/p>\n","protected":false},"excerpt":{"rendered":"<p>A sztr\u00e1jkhangulat ellen\u00e9re a Vasutas Dolgoz\u00f3k Szabad Szakszervezet\u00e9nek csapata is egy\u00fctt f\u0151z\u00f6tt a M\u00c1V vezet\u00e9s\u00e9vel szombaton. Konfliktus helyett \u00edgy kiv\u00e1l\u00f3 hangulat jellemezte az 58. vasutasnapot. Ahol a szlogen az \u00f6sszetartoz\u00e1s volt, amit a vasutas becs\u00fclet \u00e9s trad\u00edci\u00f3 alapoznak meg. A j\u00f3 hangulatot pedig a Cuh\u00e1r\u00e9 N\u00e9pt\u00e1ncegy\u00fcttes, egyb\u0151l az \u00fcnnep\u00e9lyes megnyit\u00f3 ut\u00e1n.Az idei vasutasnapra legal\u00e1bb 6 [&hellip;]<\/p>\n","protected":false},"author":2,"featured_media":0,"comment_status":"open","ping_status":"open","sticky":false,"template":"","format":"standard","meta":[],"categories":[24],"tags":[],"_links":{"self":[{"href":"http:\/\/archiv.szolnoktv.hu\/index.php?rest_route=\/wp\/v2\/posts\/31875"}],"collection":[{"href":"http:\/\/archiv.szolnoktv.hu\/index.php?rest_route=\/wp\/v2\/posts"}],"about":[{"href":"http:\/\/archiv.szolnoktv.hu\/index.php?rest_route=\/wp\/v2\/types\/post"}],"author":[{"embeddable":true,"href":"http:\/\/archiv.szolnoktv.hu\/index.php?rest_route=\/wp\/v2\/users\/2"}],"replies":[{"embeddable":true,"href":"http:\/\/archiv.szolnoktv.hu\/index.php?rest_route=%2Fwp%2Fv2%2Fcomments&post=31875"}],"version-history":[{"count":1,"href":"http:\/\/archiv.szolnoktv.hu\/index.php?rest_route=\/wp\/v2\/posts\/31875\/revisions"}],"predecessor-version":[{"id":31930,"href":"http:\/\/archiv.szolnoktv.hu\/index.php?rest_route=\/wp\/v2\/posts\/31875\/revisions\/31930"}],"wp:attachment":[{"href":"http:\/\/archiv.szolnoktv.hu\/index.php?rest_route=%2Fwp%2Fv2%2Fmedia&parent=31875"}],"wp:term":[{"taxonomy":"category","embeddable":true,"href":"http:\/\/archiv.szolnoktv.hu\/index.php?rest_route=%2Fwp%2Fv2%2Fcategories&post=31875"},{"taxonomy":"post_tag","embeddable":true,"href":"http:\/\/archiv.szolnoktv.hu\/index.php?rest_route=%2Fwp%2Fv2%2Ftags&post=31875"}],"curies":[{"name":"wp","href":"https:\/\/api.w.org\/{rel}","templated":true}]}}