{"id":31861,"date":"2008-07-10T16:59:30","date_gmt":"2008-07-10T16:59:30","guid":{"rendered":"http:\/\/archiv.szolnoktv.hu\/?p=31861"},"modified":"2021-11-17T14:56:16","modified_gmt":"2021-11-17T14:56:16","slug":"kezukben-a-marsallbot","status":"publish","type":"post","link":"http:\/\/archiv.szolnoktv.hu\/?p=31861","title":{"rendered":"Kez\u00fckben a marsallbot"},"content":{"rendered":"<div class='booster-block booster-read-block'><\/div><p>A Magyar Honv\u00e9ds\u00e9gn\u00e9l is figyelnek a j\u00f6v\u0151re. A szocializmust megel\u0151z\u0151en mindig t\u00f6r\u0151dtek a vez\u00e9rkar ut\u00e1np\u00f3tl\u00e1s\u00e1nak &#8222;kinevel\u00e9s\u00e9vel&#8221;. A R\u00e1kosi \u00e9s K\u00e1d\u00e1r korszak f\u00e9lretette a hagyom\u00e1nyt.<br \/>\nMost \u00fajra kezd\u0151d\u00f6tt a vez\u00e9rkari tanfolyam. Ez azt jelenti, hogy az arra alkalmasnak v\u00e9lt tiszteket, f\u0151tiszteket egy\u00e9ves k\u00e9pz\u00e9snek vetik al\u00e1. Ennek fel\u00e9ben az elm\u00e9leti tud\u00e1st gyarap\u00edtj\u00e1k, a m\u00e1sodik fel\u00e9ben pedig az alakulatokn\u00e1l szereznek \u00e9lm\u00e9nyeket a csapatszolg\u00e1lat mindennapjair\u00f3l. A szolnoki helikopterb\u00e1zis parancsnoka, Lamos Imre dand\u00e1rt\u00e1bornok katonav\u00e1rosnak, nagyon is szerethet\u0151 katonav\u00e1rosnak mondta a megyesz\u00e9khelyt. A vend\u00e9gl\u00e1t\u00f3 polg\u00e1rmester, Szalay Ferenc \u00f6r\u00fclt, hogy a j\u00f6vend\u0151 t\u00f6rzstisztek sz\u00edvesen t\u00f6ltik napjaikat Szolnokon. Filmet n\u00e9ztek meg a telep\u00fcl\u00e9sr\u0151l, meghallgatt\u00e1k a v\u00e1ros terveit. Az egy\u00f3r\u00e1s egy\u00fcttl\u00e9t ut\u00e1n a tisztek igyekeztek a helikopter b\u00e1zisra, ahol annak \u00e9let\u00e9t tanulm\u00e1nyozt\u00e1k, imm\u00e1r testk\u00f6zelb\u0151l.<\/p>\n","protected":false},"excerpt":{"rendered":"<p>A Magyar Honv\u00e9ds\u00e9gn\u00e9l is figyelnek a j\u00f6v\u0151re. A szocializmust megel\u0151z\u0151en mindig t\u00f6r\u0151dtek a vez\u00e9rkar ut\u00e1np\u00f3tl\u00e1s\u00e1nak &#8222;kinevel\u00e9s\u00e9vel&#8221;. A R\u00e1kosi \u00e9s K\u00e1d\u00e1r korszak f\u00e9lretette a hagyom\u00e1nyt. Most \u00fajra kezd\u0151d\u00f6tt a vez\u00e9rkari tanfolyam. Ez azt jelenti, hogy az arra alkalmasnak v\u00e9lt tiszteket, f\u0151tiszteket egy\u00e9ves k\u00e9pz\u00e9snek vetik al\u00e1. Ennek fel\u00e9ben az elm\u00e9leti tud\u00e1st gyarap\u00edtj\u00e1k, a m\u00e1sodik fel\u00e9ben pedig az [&hellip;]<\/p>\n","protected":false},"author":2,"featured_media":0,"comment_status":"open","ping_status":"open","sticky":false,"template":"","format":"standard","meta":[],"categories":[24],"tags":[],"_links":{"self":[{"href":"http:\/\/archiv.szolnoktv.hu\/index.php?rest_route=\/wp\/v2\/posts\/31861"}],"collection":[{"href":"http:\/\/archiv.szolnoktv.hu\/index.php?rest_route=\/wp\/v2\/posts"}],"about":[{"href":"http:\/\/archiv.szolnoktv.hu\/index.php?rest_route=\/wp\/v2\/types\/post"}],"author":[{"embeddable":true,"href":"http:\/\/archiv.szolnoktv.hu\/index.php?rest_route=\/wp\/v2\/users\/2"}],"replies":[{"embeddable":true,"href":"http:\/\/archiv.szolnoktv.hu\/index.php?rest_route=%2Fwp%2Fv2%2Fcomments&post=31861"}],"version-history":[{"count":1,"href":"http:\/\/archiv.szolnoktv.hu\/index.php?rest_route=\/wp\/v2\/posts\/31861\/revisions"}],"predecessor-version":[{"id":31944,"href":"http:\/\/archiv.szolnoktv.hu\/index.php?rest_route=\/wp\/v2\/posts\/31861\/revisions\/31944"}],"wp:attachment":[{"href":"http:\/\/archiv.szolnoktv.hu\/index.php?rest_route=%2Fwp%2Fv2%2Fmedia&parent=31861"}],"wp:term":[{"taxonomy":"category","embeddable":true,"href":"http:\/\/archiv.szolnoktv.hu\/index.php?rest_route=%2Fwp%2Fv2%2Fcategories&post=31861"},{"taxonomy":"post_tag","embeddable":true,"href":"http:\/\/archiv.szolnoktv.hu\/index.php?rest_route=%2Fwp%2Fv2%2Ftags&post=31861"}],"curies":[{"name":"wp","href":"https:\/\/api.w.org\/{rel}","templated":true}]}}