{"id":31856,"date":"2008-07-09T17:15:33","date_gmt":"2008-07-09T17:15:33","guid":{"rendered":"http:\/\/archiv.szolnoktv.hu\/?p=31856"},"modified":"2021-11-17T14:56:17","modified_gmt":"2021-11-17T14:56:17","slug":"xaveri-szent-ferenc-kapolna-festese","status":"publish","type":"post","link":"http:\/\/archiv.szolnoktv.hu\/?p=31856","title":{"rendered":"Xav\u00e9ri Szent Ferenc k\u00e1polna fest\u00e9se"},"content":{"rendered":"<div class='booster-block booster-read-block'><\/div><p>\u00dajabb felaj\u00e1nl\u00e1st kapott Xav\u00e9ri Szent Ferenc. A helyi r\u00f3mai katolikus k\u00f6z\u00f6ss\u00e9g \u00f6tsz\u00e1zezer forint \u00e9rt\u00e9k\u0171 fest\u00e9st v\u00e9geztet el a fogadalmi templomban.<br \/>\nA k\u00f6zgy\u0171l\u00e9s tavasszal ny\u00fajtott be p\u00e1ly\u00e1zatot a Nemzeti Kultur\u00e1lis Alaphoz- tizenn\u00e9gymilli\u00f3 forint rem\u00e9ny\u00e9ben. Ehhez kilencmilli\u00f3 saj\u00e1t er\u0151t tett volna a v\u00e1ros, ebb\u0151l a huszonh\u00e1rommilli\u00f3b\u00f3l teljesen meg fel lehetett volna \u00faj\u00edtani a Xav\u00e9ri Szent Ferenc k\u00e1poln\u00e1t. Az Alap azonban a rem\u00e9lt t\u00e1mogat\u00e1s egy\u00f6t\u00f6d\u00e9t hagyta j\u00f3v\u00e1, ezzel ar\u00e1nyosan cs\u00f6kkent az \u00f6ner\u0151 is. \u00cdgy viszont csak a fogadalmi templom szigetel\u00e9s\u00e9t lehet megoldani. A tov\u00e1bbi \u00e1llagroml\u00e1st akad\u00e1lyozhatja meg a r\u00f3mai katolikus egyh\u00e1z helyi pl\u00e9b\u00e1nos\u00e1nak felaj\u00e1nl\u00e1sa. A k\u00f6z\u00f6ss\u00e9g \u00f6tsz\u00e1zezer forintnyi bels\u0151 fest\u00e9st v\u00e1llalt el. A folyamatos adom\u00e1nygy\u0171jt\u00e9s, a f\u00e9lmilli\u00f3 forintos \u00f6nk\u00e9ntes felaj\u00e1nl\u00e1s \u00e9s a k\u00f6zel n\u00e9gy \u00e9s f\u00e9lmilli\u00f3s szigetel\u00e9si munk\u00e1knak k\u00f6sz\u00f6nhet\u0151en a 275 \u00e9ves k\u00e1polna \u00e9letben marad\u00e1s\u00e1nak es\u00e9lyei jelent\u0151sen n\u0151ttek.<\/p>\n","protected":false},"excerpt":{"rendered":"<p>\u00dajabb felaj\u00e1nl\u00e1st kapott Xav\u00e9ri Szent Ferenc. A helyi r\u00f3mai katolikus k\u00f6z\u00f6ss\u00e9g \u00f6tsz\u00e1zezer forint \u00e9rt\u00e9k\u0171 fest\u00e9st v\u00e9geztet el a fogadalmi templomban. A k\u00f6zgy\u0171l\u00e9s tavasszal ny\u00fajtott be p\u00e1ly\u00e1zatot a Nemzeti Kultur\u00e1lis Alaphoz- tizenn\u00e9gymilli\u00f3 forint rem\u00e9ny\u00e9ben. Ehhez kilencmilli\u00f3 saj\u00e1t er\u0151t tett volna a v\u00e1ros, ebb\u0151l a huszonh\u00e1rommilli\u00f3b\u00f3l teljesen meg fel lehetett volna \u00faj\u00edtani a Xav\u00e9ri Szent Ferenc k\u00e1poln\u00e1t. [&hellip;]<\/p>\n","protected":false},"author":2,"featured_media":0,"comment_status":"open","ping_status":"open","sticky":false,"template":"","format":"standard","meta":[],"categories":[24],"tags":[],"_links":{"self":[{"href":"http:\/\/archiv.szolnoktv.hu\/index.php?rest_route=\/wp\/v2\/posts\/31856"}],"collection":[{"href":"http:\/\/archiv.szolnoktv.hu\/index.php?rest_route=\/wp\/v2\/posts"}],"about":[{"href":"http:\/\/archiv.szolnoktv.hu\/index.php?rest_route=\/wp\/v2\/types\/post"}],"author":[{"embeddable":true,"href":"http:\/\/archiv.szolnoktv.hu\/index.php?rest_route=\/wp\/v2\/users\/2"}],"replies":[{"embeddable":true,"href":"http:\/\/archiv.szolnoktv.hu\/index.php?rest_route=%2Fwp%2Fv2%2Fcomments&post=31856"}],"version-history":[{"count":1,"href":"http:\/\/archiv.szolnoktv.hu\/index.php?rest_route=\/wp\/v2\/posts\/31856\/revisions"}],"predecessor-version":[{"id":31949,"href":"http:\/\/archiv.szolnoktv.hu\/index.php?rest_route=\/wp\/v2\/posts\/31856\/revisions\/31949"}],"wp:attachment":[{"href":"http:\/\/archiv.szolnoktv.hu\/index.php?rest_route=%2Fwp%2Fv2%2Fmedia&parent=31856"}],"wp:term":[{"taxonomy":"category","embeddable":true,"href":"http:\/\/archiv.szolnoktv.hu\/index.php?rest_route=%2Fwp%2Fv2%2Fcategories&post=31856"},{"taxonomy":"post_tag","embeddable":true,"href":"http:\/\/archiv.szolnoktv.hu\/index.php?rest_route=%2Fwp%2Fv2%2Ftags&post=31856"}],"curies":[{"name":"wp","href":"https:\/\/api.w.org\/{rel}","templated":true}]}}