{"id":31853,"date":"2008-07-09T17:13:45","date_gmt":"2008-07-09T17:13:45","guid":{"rendered":"http:\/\/archiv.szolnoktv.hu\/?p=31853"},"modified":"2021-11-17T14:56:17","modified_gmt":"2021-11-17T14:56:17","slug":"erdei-iskola-a-kaan-karoly-uton","status":"publish","type":"post","link":"http:\/\/archiv.szolnoktv.hu\/?p=31853","title":{"rendered":"Erdei iskola a Ka\u00e1n K\u00e1roly \u00faton"},"content":{"rendered":"<div class='booster-block booster-read-block'><\/div><p>Fogyat\u00e9kkal \u00e9l\u0151 fiatalok \u00e9s feln\u0151ttek t\u00e1boroznak tegnap \u00f3ta a NEFAG-n\u00e1l. Az egy hetes t\u00e1borban \u00f6sszesen 24-en vesznek r\u00e9szt, \u00e9rtelmi fogyat\u00e9kosok \u00e9s mozg\u00e1ss\u00e9r\u00fcltek egyar\u00e1nt. A szervez\u0151k, azaz a M\u00e1ltai Szeretetszolg\u00e1lat munkat\u00e1rsai \u00fagy gondolt\u00e1k, hogy az erdei k\u00f6rnyezet nemcsak a kikapcsol\u00f3d\u00e1shoz, hanem a k\u00f6z\u00f6ss\u00e9g\u00e9p\u00edt\u00e9shez, a term\u00e9szet \u00e9s persze az \u00e1llatvil\u00e1g megismer\u00e9s\u00e9hez is megfelel. <br \/>A programokat pr\u00f3b\u00e1lt\u00e1k \u00fagy \u00f6ssze\u00e1ll\u00edtani, hogy mindegyik t\u00e1boroz\u00f3 megtal\u00e1lja a maga sz\u00f3rakoz\u00e1s\u00e1t: k\u00e9zm\u0171ves foglalkoz\u00e1sokkal, \u00e1llatsimogat\u00e1ssal \u00e9s erdei lovaskocsik\u00e1z\u00e1ssal v\u00e1rj\u00e1k \u0151ket.<br \/>A t\u00e1bor teljesen ingyenes, eg\u00e9sz h\u00e9ten b\u00e1rki csatlakozhat a M\u00e1ltai Szeretetszolg\u00e1lat csapat\u00e1hoz.<\/p>\n","protected":false},"excerpt":{"rendered":"<p>Fogyat\u00e9kkal \u00e9l\u0151 fiatalok \u00e9s feln\u0151ttek t\u00e1boroznak tegnap \u00f3ta a NEFAG-n\u00e1l. Az egy hetes t\u00e1borban \u00f6sszesen 24-en vesznek r\u00e9szt, \u00e9rtelmi fogyat\u00e9kosok \u00e9s mozg\u00e1ss\u00e9r\u00fcltek egyar\u00e1nt. A szervez\u0151k, azaz a M\u00e1ltai Szeretetszolg\u00e1lat munkat\u00e1rsai \u00fagy gondolt\u00e1k, hogy az erdei k\u00f6rnyezet nemcsak a kikapcsol\u00f3d\u00e1shoz, hanem a k\u00f6z\u00f6ss\u00e9g\u00e9p\u00edt\u00e9shez, a term\u00e9szet \u00e9s persze az \u00e1llatvil\u00e1g megismer\u00e9s\u00e9hez is megfelel. A programokat pr\u00f3b\u00e1lt\u00e1k \u00fagy [&hellip;]<\/p>\n","protected":false},"author":2,"featured_media":0,"comment_status":"open","ping_status":"open","sticky":false,"template":"","format":"standard","meta":[],"categories":[24],"tags":[],"_links":{"self":[{"href":"http:\/\/archiv.szolnoktv.hu\/index.php?rest_route=\/wp\/v2\/posts\/31853"}],"collection":[{"href":"http:\/\/archiv.szolnoktv.hu\/index.php?rest_route=\/wp\/v2\/posts"}],"about":[{"href":"http:\/\/archiv.szolnoktv.hu\/index.php?rest_route=\/wp\/v2\/types\/post"}],"author":[{"embeddable":true,"href":"http:\/\/archiv.szolnoktv.hu\/index.php?rest_route=\/wp\/v2\/users\/2"}],"replies":[{"embeddable":true,"href":"http:\/\/archiv.szolnoktv.hu\/index.php?rest_route=%2Fwp%2Fv2%2Fcomments&post=31853"}],"version-history":[{"count":1,"href":"http:\/\/archiv.szolnoktv.hu\/index.php?rest_route=\/wp\/v2\/posts\/31853\/revisions"}],"predecessor-version":[{"id":31952,"href":"http:\/\/archiv.szolnoktv.hu\/index.php?rest_route=\/wp\/v2\/posts\/31853\/revisions\/31952"}],"wp:attachment":[{"href":"http:\/\/archiv.szolnoktv.hu\/index.php?rest_route=%2Fwp%2Fv2%2Fmedia&parent=31853"}],"wp:term":[{"taxonomy":"category","embeddable":true,"href":"http:\/\/archiv.szolnoktv.hu\/index.php?rest_route=%2Fwp%2Fv2%2Fcategories&post=31853"},{"taxonomy":"post_tag","embeddable":true,"href":"http:\/\/archiv.szolnoktv.hu\/index.php?rest_route=%2Fwp%2Fv2%2Ftags&post=31853"}],"curies":[{"name":"wp","href":"https:\/\/api.w.org\/{rel}","templated":true}]}}