{"id":31852,"date":"2008-07-09T17:13:21","date_gmt":"2008-07-09T17:13:21","guid":{"rendered":"http:\/\/archiv.szolnoktv.hu\/?p=31852"},"modified":"2021-11-17T14:56:17","modified_gmt":"2021-11-17T14:56:17","slug":"agrarkamara-somme-megyeben","status":"publish","type":"post","link":"http:\/\/archiv.szolnoktv.hu\/?p=31852","title":{"rendered":"Agr\u00e1rkamara Somme Megy\u00e9ben"},"content":{"rendered":"<div class='booster-block booster-read-block'><\/div><p>Van mit tanulni. Somme megy\u00e9ben j\u00e1rt a J\u00e1sz- Nagykun Szolnok Megyei Agr\u00e1rkamara deleg\u00e1ci\u00f3ja. A mez\u0151gazdas\u00e1gi szakembereket f\u0151k\u00e9pp a keny\u00e9rgabona term\u00e9s\u00e1tlaga k\u00f6z\u00f6tti k\u00fcl\u00f6nbs\u00e9g okai \u00e9rdekelt\u00e9k.<br \/>\nHasonl\u00edtunk&#8230; Vagy m\u00e9gsem? &#8211; Francia testv\u00e9rmegy\u00e9nket a helyiek az orsz\u00e1g \u00e9l\u00e9st\u00e1r\u00e1nak is nevezik l\u00e9v\u00e9n, hogy itt tal\u00e1lhat\u00f3k a legjelent\u0151sebb mez\u0151gazdas\u00e1gi ter\u00fcletek- itt aratj\u00e1k a legt\u00f6bb keny\u00e9rgabon\u00e1t. De hogyan.. s val\u00f3j\u00e1ban mennyit is? T\u00f6bbek k\u00f6zt erre a k\u00e9rd\u00e9sre kereste a v\u00e1laszt a 10 \u00e9ves kapcsolatra t\u00e1maszkod\u00f3 megyei agr\u00e1rkamara deleg\u00e1ci\u00f3ja k\u00f6zelm\u00faltban. A term\u00e9seredm\u00e9nyek igen besz\u00e9desek: m\u00edg odakint a 7 tonn\u00e1s hekt\u00e1ronk\u00e9nti \u00e1tlag gyenge k\u00f6zepesnek sz\u00e1m\u00edt- addig n\u00e1lunk 3- 4 tonn\u00e1\u00e9rt is im\u00e1dkozni kell az \u00e9giekhez. Az okok k\u00f6z\u00f6tt az \u00e9ghajlat \u00e9s a csapad\u00e9kmennyis\u00e9g kedvez\u0151bb alakul\u00e1sa is k\u00f6zrej\u00e1tszik- ugyanakkor van m\u00e9gegy fontos dolog: a francia gazda nem \u00e9l a korszer\u0171 g\u00e9pek b\u0171v\u00f6let\u00e9ben. Megbecs\u00fcli a r\u00e9git, karbantartja azt, s csak\u00fagy mint a nek\u00fcnk \u00f3sdinak t\u0171n\u0151 gazdas\u00e1gi \u00e9p\u00fcleteket mindaddig haszn\u00e1lja am\u00edg az kifizet\u0151d\u0151. Becs\u00fcli a &#8222;vant&#8221;, \u00f6r\u00fcl az \u00fajnak- s tal\u00e1n \u00e9pp ez az ami Eur\u00f3pa egyik legeredm\u00e9nyesebb gazd\u00e1lkod\u00f3j\u00e1v\u00e1 avatja.<\/p>\n","protected":false},"excerpt":{"rendered":"<p>Van mit tanulni. Somme megy\u00e9ben j\u00e1rt a J\u00e1sz- Nagykun Szolnok Megyei Agr\u00e1rkamara deleg\u00e1ci\u00f3ja. A mez\u0151gazdas\u00e1gi szakembereket f\u0151k\u00e9pp a keny\u00e9rgabona term\u00e9s\u00e1tlaga k\u00f6z\u00f6tti k\u00fcl\u00f6nbs\u00e9g okai \u00e9rdekelt\u00e9k. Hasonl\u00edtunk&#8230; Vagy m\u00e9gsem? &#8211; Francia testv\u00e9rmegy\u00e9nket a helyiek az orsz\u00e1g \u00e9l\u00e9st\u00e1r\u00e1nak is nevezik l\u00e9v\u00e9n, hogy itt tal\u00e1lhat\u00f3k a legjelent\u0151sebb mez\u0151gazdas\u00e1gi ter\u00fcletek- itt aratj\u00e1k a legt\u00f6bb keny\u00e9rgabon\u00e1t. De hogyan.. s val\u00f3j\u00e1ban mennyit [&hellip;]<\/p>\n","protected":false},"author":2,"featured_media":0,"comment_status":"open","ping_status":"open","sticky":false,"template":"","format":"standard","meta":[],"categories":[24],"tags":[],"_links":{"self":[{"href":"http:\/\/archiv.szolnoktv.hu\/index.php?rest_route=\/wp\/v2\/posts\/31852"}],"collection":[{"href":"http:\/\/archiv.szolnoktv.hu\/index.php?rest_route=\/wp\/v2\/posts"}],"about":[{"href":"http:\/\/archiv.szolnoktv.hu\/index.php?rest_route=\/wp\/v2\/types\/post"}],"author":[{"embeddable":true,"href":"http:\/\/archiv.szolnoktv.hu\/index.php?rest_route=\/wp\/v2\/users\/2"}],"replies":[{"embeddable":true,"href":"http:\/\/archiv.szolnoktv.hu\/index.php?rest_route=%2Fwp%2Fv2%2Fcomments&post=31852"}],"version-history":[{"count":1,"href":"http:\/\/archiv.szolnoktv.hu\/index.php?rest_route=\/wp\/v2\/posts\/31852\/revisions"}],"predecessor-version":[{"id":31953,"href":"http:\/\/archiv.szolnoktv.hu\/index.php?rest_route=\/wp\/v2\/posts\/31852\/revisions\/31953"}],"wp:attachment":[{"href":"http:\/\/archiv.szolnoktv.hu\/index.php?rest_route=%2Fwp%2Fv2%2Fmedia&parent=31852"}],"wp:term":[{"taxonomy":"category","embeddable":true,"href":"http:\/\/archiv.szolnoktv.hu\/index.php?rest_route=%2Fwp%2Fv2%2Fcategories&post=31852"},{"taxonomy":"post_tag","embeddable":true,"href":"http:\/\/archiv.szolnoktv.hu\/index.php?rest_route=%2Fwp%2Fv2%2Ftags&post=31852"}],"curies":[{"name":"wp","href":"https:\/\/api.w.org\/{rel}","templated":true}]}}