{"id":31851,"date":"2008-07-08T17:42:37","date_gmt":"2008-07-08T17:42:37","guid":{"rendered":"http:\/\/archiv.szolnoktv.hu\/?p=31851"},"modified":"2021-11-17T14:56:17","modified_gmt":"2021-11-17T14:56:17","slug":"viharkarok-2","status":"publish","type":"post","link":"http:\/\/archiv.szolnoktv.hu\/?p=31851","title":{"rendered":"Vihark\u00e1rok"},"content":{"rendered":"<div class='booster-block booster-read-block'><\/div><p>H\u00e9tf\u0151 \u00e9jjel nagy vihar csapott le Szolnokra \u00e9s k\u00f6rny\u00e9k\u00e9re. Az es\u0151 \u00e9s a sz\u00e9l sok munk\u00e1t adott v\u00e1rosunk t\u0171zolt\u00f3inak. T\u00f6bb mint tucatszor riasztott\u00e1k \u0151ket az \u00e9jszaka folyam\u00e1n.<br \/>\nA meteorol\u00f3giai el\u0151rejelz\u00e9seknek megfelel\u0151en meg\u00e9rkezett Szolnokra tegnap este egy nagy viharfelh\u0151, melyb\u0151l nagymennyis\u00e9g\u0171 csapad\u00e9k hullott. Emiatt a t\u0171zolt\u00f3s\u00e1got \u00e9jjel hat esetben riasztott\u00e1k v\u00edzzel el\u00e1rasztott pinc\u00e9khez, \u00e9s megtelt v\u00edzelvezet\u0151 \u00e1rkokhoz. Nem minden esetben volt eredm\u00e9nyes a beavatkoz\u00e1suk, hisz a nagy es\u0151z\u00e9s miatt a csatorn\u00e1k is megteltek, nem volt hov\u00e1 szivatty\u00fazni a vizet.<br \/>Este a Szolnok-R\u00e1k\u00f3czifalva k\u00f6z\u00f6tti \u00fatr\u00f3l az \u00e1rokba borult egy Toyota szem\u00e9lyg\u00e9pkocsi.<br \/>Azonban nemcsak a v\u00edz, hanem a sz\u00e9l is okozott gondokat. Sok esetben kellett \u00fattestre, villamosvezet\u00e9kre, \u00e9p\u00fcletekre \u00e9s aut\u00f3kra d\u0151lt f\u00e1kat elt\u00e1vol\u00edtaniuk a t\u0171zolt\u00f3s\u00e1g dolgoz\u00f3inak.<br \/>A vihar miatt Abonyban egy csal\u00e1di h\u00e1z tet\u0151szerkezete l\u00e1ngra kapott, amikor egy vill\u00e1m val\u00f3sz\u00edn\u0171s\u00edthet\u0151en  belecsapott. Ide is a szolnoki t\u0171zolt\u00f3knak kellett kivonulniuk.<br \/>Mint a Szolnoki T\u0171zolt\u00f3s\u00e1g sajt\u00f3\u00fcgyeletes\u00e9t\u0151l megtudtuk, folyamatosan \u00e9rkeznek a bejelent\u00e9sek fakid\u0151l\u00e9sekr\u0151l \u00e9s m\u00e1s vihark\u00e1rokr\u00f3l, a k\u00e1relh\u00e1r\u00edt\u00e1s folyamatos.<\/p>\n","protected":false},"excerpt":{"rendered":"<p>H\u00e9tf\u0151 \u00e9jjel nagy vihar csapott le Szolnokra \u00e9s k\u00f6rny\u00e9k\u00e9re. Az es\u0151 \u00e9s a sz\u00e9l sok munk\u00e1t adott v\u00e1rosunk t\u0171zolt\u00f3inak. T\u00f6bb mint tucatszor riasztott\u00e1k \u0151ket az \u00e9jszaka folyam\u00e1n. A meteorol\u00f3giai el\u0151rejelz\u00e9seknek megfelel\u0151en meg\u00e9rkezett Szolnokra tegnap este egy nagy viharfelh\u0151, melyb\u0151l nagymennyis\u00e9g\u0171 csapad\u00e9k hullott. Emiatt a t\u0171zolt\u00f3s\u00e1got \u00e9jjel hat esetben riasztott\u00e1k v\u00edzzel el\u00e1rasztott pinc\u00e9khez, \u00e9s megtelt v\u00edzelvezet\u0151 [&hellip;]<\/p>\n","protected":false},"author":2,"featured_media":0,"comment_status":"open","ping_status":"open","sticky":false,"template":"","format":"standard","meta":[],"categories":[24],"tags":[],"_links":{"self":[{"href":"http:\/\/archiv.szolnoktv.hu\/index.php?rest_route=\/wp\/v2\/posts\/31851"}],"collection":[{"href":"http:\/\/archiv.szolnoktv.hu\/index.php?rest_route=\/wp\/v2\/posts"}],"about":[{"href":"http:\/\/archiv.szolnoktv.hu\/index.php?rest_route=\/wp\/v2\/types\/post"}],"author":[{"embeddable":true,"href":"http:\/\/archiv.szolnoktv.hu\/index.php?rest_route=\/wp\/v2\/users\/2"}],"replies":[{"embeddable":true,"href":"http:\/\/archiv.szolnoktv.hu\/index.php?rest_route=%2Fwp%2Fv2%2Fcomments&post=31851"}],"version-history":[{"count":1,"href":"http:\/\/archiv.szolnoktv.hu\/index.php?rest_route=\/wp\/v2\/posts\/31851\/revisions"}],"predecessor-version":[{"id":31954,"href":"http:\/\/archiv.szolnoktv.hu\/index.php?rest_route=\/wp\/v2\/posts\/31851\/revisions\/31954"}],"wp:attachment":[{"href":"http:\/\/archiv.szolnoktv.hu\/index.php?rest_route=%2Fwp%2Fv2%2Fmedia&parent=31851"}],"wp:term":[{"taxonomy":"category","embeddable":true,"href":"http:\/\/archiv.szolnoktv.hu\/index.php?rest_route=%2Fwp%2Fv2%2Fcategories&post=31851"},{"taxonomy":"post_tag","embeddable":true,"href":"http:\/\/archiv.szolnoktv.hu\/index.php?rest_route=%2Fwp%2Fv2%2Ftags&post=31851"}],"curies":[{"name":"wp","href":"https:\/\/api.w.org\/{rel}","templated":true}]}}