{"id":31850,"date":"2008-07-08T17:36:59","date_gmt":"2008-07-08T17:36:59","guid":{"rendered":"http:\/\/archiv.szolnoktv.hu\/?p=31850"},"modified":"2021-11-17T14:56:17","modified_gmt":"2021-11-17T14:56:17","slug":"csinositjak-a-teret","status":"publish","type":"post","link":"http:\/\/archiv.szolnoktv.hu\/?p=31850","title":{"rendered":"Csinos\u00edtj\u00e1k a teret"},"content":{"rendered":"<div class='booster-block booster-read-block'><\/div><p>\u00daj burkolatot kap a rep\u00fcl\u0151s eml\u00e9km\u0171 k\u00f6rnyezete. A Rep\u00fcl\u00e9st\u00f6rt\u00e9neti M\u00fazeum bej\u00e1rat\u00e1n\u00e1l \u00e1ll\u00f3 park t\u00f6bb eleme is meg\u00fajul k\u00e9t h\u00e9ten bel\u00fcl.<br \/>\nA magyar rep\u00fcl\u00e9st\u00f6rt\u00e9net m\u00e1rt\u00edrjai el\u0151tt tisztelg\u0151 alkot\u00e1s k\u00f6rnyezete eddig sem volt elhanyagolt- \u00e1m most m\u00e9g eleg\u00e1nsabb lesz. Az eml\u00e9km\u0171 posztamense mellett d\u00edszburkolatot raknak le, melybe k\u00e9t reflekttort is s\u00fcllyesztenek. Ezek, valamint tov\u00e1bbi 6 \u00f6nt\u00f6ttvas kandell\u00e1ber vil\u00e1g\u00edtja majd be a szobrot \u00e9s a k\u00f6rnyez\u0151 parkot, melyet automata \u00f6nt\u00f6z\u0151berendez\u00e9ssel is ell\u00e1tnak. K\u00e9t h\u00e9t m\u00falva gy\u00f6ny\u00f6rk\u00f6dhetnek az eredm\u00e9nyben a rep\u00fcl\u00e9st\u00f6rt\u00e9neti m\u00fazeumba \u00e9rkez\u0151 l\u00e1togat\u00f3k.<\/p>\n","protected":false},"excerpt":{"rendered":"<p>\u00daj burkolatot kap a rep\u00fcl\u0151s eml\u00e9km\u0171 k\u00f6rnyezete. A Rep\u00fcl\u00e9st\u00f6rt\u00e9neti M\u00fazeum bej\u00e1rat\u00e1n\u00e1l \u00e1ll\u00f3 park t\u00f6bb eleme is meg\u00fajul k\u00e9t h\u00e9ten bel\u00fcl. A magyar rep\u00fcl\u00e9st\u00f6rt\u00e9net m\u00e1rt\u00edrjai el\u0151tt tisztelg\u0151 alkot\u00e1s k\u00f6rnyezete eddig sem volt elhanyagolt- \u00e1m most m\u00e9g eleg\u00e1nsabb lesz. Az eml\u00e9km\u0171 posztamense mellett d\u00edszburkolatot raknak le, melybe k\u00e9t reflekttort is s\u00fcllyesztenek. Ezek, valamint tov\u00e1bbi 6 \u00f6nt\u00f6ttvas kandell\u00e1ber [&hellip;]<\/p>\n","protected":false},"author":2,"featured_media":0,"comment_status":"open","ping_status":"open","sticky":false,"template":"","format":"standard","meta":[],"categories":[24],"tags":[],"_links":{"self":[{"href":"http:\/\/archiv.szolnoktv.hu\/index.php?rest_route=\/wp\/v2\/posts\/31850"}],"collection":[{"href":"http:\/\/archiv.szolnoktv.hu\/index.php?rest_route=\/wp\/v2\/posts"}],"about":[{"href":"http:\/\/archiv.szolnoktv.hu\/index.php?rest_route=\/wp\/v2\/types\/post"}],"author":[{"embeddable":true,"href":"http:\/\/archiv.szolnoktv.hu\/index.php?rest_route=\/wp\/v2\/users\/2"}],"replies":[{"embeddable":true,"href":"http:\/\/archiv.szolnoktv.hu\/index.php?rest_route=%2Fwp%2Fv2%2Fcomments&post=31850"}],"version-history":[{"count":1,"href":"http:\/\/archiv.szolnoktv.hu\/index.php?rest_route=\/wp\/v2\/posts\/31850\/revisions"}],"predecessor-version":[{"id":31955,"href":"http:\/\/archiv.szolnoktv.hu\/index.php?rest_route=\/wp\/v2\/posts\/31850\/revisions\/31955"}],"wp:attachment":[{"href":"http:\/\/archiv.szolnoktv.hu\/index.php?rest_route=%2Fwp%2Fv2%2Fmedia&parent=31850"}],"wp:term":[{"taxonomy":"category","embeddable":true,"href":"http:\/\/archiv.szolnoktv.hu\/index.php?rest_route=%2Fwp%2Fv2%2Fcategories&post=31850"},{"taxonomy":"post_tag","embeddable":true,"href":"http:\/\/archiv.szolnoktv.hu\/index.php?rest_route=%2Fwp%2Fv2%2Ftags&post=31850"}],"curies":[{"name":"wp","href":"https:\/\/api.w.org\/{rel}","templated":true}]}}