{"id":31849,"date":"2008-07-08T17:36:11","date_gmt":"2008-07-08T17:36:11","guid":{"rendered":"http:\/\/archiv.szolnoktv.hu\/?p=31849"},"modified":"2021-11-17T14:56:17","modified_gmt":"2021-11-17T14:56:17","slug":"ot-halott-az-uton","status":"publish","type":"post","link":"http:\/\/archiv.szolnoktv.hu\/?p=31849","title":{"rendered":"\u00d6t halott az \u00faton"},"content":{"rendered":"<div class='booster-block booster-read-block'><\/div><p>Egy k\u00f6zleked\u00e9si balesetben \u00f6ten haltak meg h\u00e9tf\u0151 hajnalban a 4-es \u00faton Karcagn\u00e1l. A baleset k\u00f6r\u00fclm\u00e9nyeit vizsg\u00e1lja a rend\u0151rs\u00e9g, de el\u0151zetes inform\u00e1ci\u00f3k alapj\u00e1n val\u00f3sz\u00edn\u0171leg szab\u00e1lytalan el\u0151z\u00e9s okozta a trag\u00e9di\u00e1t.<br \/>\n&#8222;Csak annyi id\u0151m volt, hogy reflexszer\u00fcen jobbra elr\u00e1ntottam a korm\u00e1nyt, hogy megpr\u00f3b\u00e1ljam elker\u00fclni az \u00fctk\u00f6z\u00e9st, \u00e9s hogy h\u00e1tha kett\u0151nk k\u00f6zt elf\u00e9rne, de m\u00e1r abban a pillanatban csattant is&#8221; &#8211; mes\u00e9li k\u00f6nnyekkel k\u00fcszk\u00f6dve a v\u00e9tlen teheraut\u00f3 sof\u0151rje.<br \/>A rend\u0151rs\u00e9g t\u00e1j\u00e9koztat\u00e1sa szerint a  Honda Civic utasai mind bucsaiak voltak.  C\u00edmerez\u00e9si munk\u00e1ba indultak a h\u00e9tf\u0151 reggeli \u00f3r\u00e1kban, mikor egy kocsisorb\u00f3l kiv\u00e1lva az el\u0151tt\u00fck halad\u00f3 rom\u00e1n kamiont pr\u00f3b\u00e1lt\u00e1k megel\u0151zni. A vel\u00fck szemben, szab\u00e1lyosan k\u00f6zleked\u0151 p\u00f3tkocsis teheraut\u00f3 sof\u0151re m\u00e1r nem tudta elker\u00fclni a balesetet \u00e9s front\u00e1lisan \u00f6ssze\u00fctk\u00f6ztek. A felismerhetetlens\u00e9gig \u00f6sszet\u00f6rt Honda mind az \u00f6t utasa \u00e9let\u00e9t vesztette.<br \/>A v\u00e9tlen teheraut\u00f3sof\u0151r, F\u00fcleki Andr\u00e1s k\u00f6nnyebb s\u00e9r\u00fcl\u00e9seket szenvedett. \u00d5t a karcagi k\u00f3rh\u00e1zba sz\u00e1ll\u00edtott\u00e1k.<br \/>A megyei rend\u0151rf\u0151kapit\u00e1nys\u00e1g szak\u00e9rt\u0151k bevon\u00e1s\u00e1val t\u00f6bb ember hal\u00e1l\u00e1t eredm\u00e9nyez\u0151 k\u00f6z\u00fati k\u00f6zleked\u00e9si baleset gondatlan okoz\u00e1sa miatt ind\u00edtott elj\u00e1r\u00e1st. A tan\u00fakat m\u00e1r kihallgatt\u00e1k.<\/p>\n","protected":false},"excerpt":{"rendered":"<p>Egy k\u00f6zleked\u00e9si balesetben \u00f6ten haltak meg h\u00e9tf\u0151 hajnalban a 4-es \u00faton Karcagn\u00e1l. A baleset k\u00f6r\u00fclm\u00e9nyeit vizsg\u00e1lja a rend\u0151rs\u00e9g, de el\u0151zetes inform\u00e1ci\u00f3k alapj\u00e1n val\u00f3sz\u00edn\u0171leg szab\u00e1lytalan el\u0151z\u00e9s okozta a trag\u00e9di\u00e1t. &#8222;Csak annyi id\u0151m volt, hogy reflexszer\u00fcen jobbra elr\u00e1ntottam a korm\u00e1nyt, hogy megpr\u00f3b\u00e1ljam elker\u00fclni az \u00fctk\u00f6z\u00e9st, \u00e9s hogy h\u00e1tha kett\u0151nk k\u00f6zt elf\u00e9rne, de m\u00e1r abban a pillanatban csattant [&hellip;]<\/p>\n","protected":false},"author":2,"featured_media":0,"comment_status":"open","ping_status":"open","sticky":false,"template":"","format":"standard","meta":[],"categories":[24],"tags":[],"_links":{"self":[{"href":"http:\/\/archiv.szolnoktv.hu\/index.php?rest_route=\/wp\/v2\/posts\/31849"}],"collection":[{"href":"http:\/\/archiv.szolnoktv.hu\/index.php?rest_route=\/wp\/v2\/posts"}],"about":[{"href":"http:\/\/archiv.szolnoktv.hu\/index.php?rest_route=\/wp\/v2\/types\/post"}],"author":[{"embeddable":true,"href":"http:\/\/archiv.szolnoktv.hu\/index.php?rest_route=\/wp\/v2\/users\/2"}],"replies":[{"embeddable":true,"href":"http:\/\/archiv.szolnoktv.hu\/index.php?rest_route=%2Fwp%2Fv2%2Fcomments&post=31849"}],"version-history":[{"count":1,"href":"http:\/\/archiv.szolnoktv.hu\/index.php?rest_route=\/wp\/v2\/posts\/31849\/revisions"}],"predecessor-version":[{"id":31956,"href":"http:\/\/archiv.szolnoktv.hu\/index.php?rest_route=\/wp\/v2\/posts\/31849\/revisions\/31956"}],"wp:attachment":[{"href":"http:\/\/archiv.szolnoktv.hu\/index.php?rest_route=%2Fwp%2Fv2%2Fmedia&parent=31849"}],"wp:term":[{"taxonomy":"category","embeddable":true,"href":"http:\/\/archiv.szolnoktv.hu\/index.php?rest_route=%2Fwp%2Fv2%2Fcategories&post=31849"},{"taxonomy":"post_tag","embeddable":true,"href":"http:\/\/archiv.szolnoktv.hu\/index.php?rest_route=%2Fwp%2Fv2%2Ftags&post=31849"}],"curies":[{"name":"wp","href":"https:\/\/api.w.org\/{rel}","templated":true}]}}