{"id":31129,"date":"2008-04-22T09:30:40","date_gmt":"2008-04-22T09:30:40","guid":{"rendered":"http:\/\/archiv.szolnoktv.hu\/?p=31129"},"modified":"2021-11-17T13:58:43","modified_gmt":"2021-11-17T13:58:43","slug":"hta-pedagogus-program","status":"publish","type":"post","link":"http:\/\/archiv.szolnoktv.hu\/?p=31129","title":{"rendered":"HTA pedag\u00f3gus program"},"content":{"rendered":"<div class='booster-block booster-read-block'><\/div><p>Francia \u00e9s n\u00e9metek egyetemist\u00e1k \u00f3ral\u00e1togat\u00e1sa a Heged\u0171s T. Andr\u00e1s Szakk\u00f6z\u00e9piskol\u00e1ban<br \/>\n30 n\u00e9met \u00e9s francia egyetemista l\u00e1togatott el p\u00e9nteken a Heged\u0171s T. Andr\u00e1s Szakk\u00f6z\u00e9piskol\u00e1ba.Mindannyian pedag\u00f3gi\u00e1t tanulnak a n\u00e9metorsz\u00e1gi Bielefeld vagy Vechta Egyetemen, valamint a franciorsz\u00e1gi Angers v\u00e1ros\u00e1ban. A budapesti Szent Istv\u00e1n Egyetem megh\u00edv\u00e1s\u00e1b\u00f3l \u00e9rkeztek Szolnokra, az\u00e9rt, hogy tanuljanak arr\u00f3l, itt hogyan val\u00f3sul meg a kisebbs\u00e9gi \u00e9s a halmozottan h\u00e1tr\u00e1nyos helyzet\u0171 fiatalok k\u00e9pz\u00e9se. <br \/>A kisebbs\u00e9gek integr\u00e1ci\u00f3ja, azaz t\u00e1rsadalmi beilleszked\u00e9se nemcsak Magyarorsz\u00e1gon, hanem az Eur\u00f3pai Uni\u00f3 t\u00f6bbi orsz\u00e1g\u00e1ban, k\u00f6zt\u00fck N\u00e9metorsz\u00e1gban \u00e9s Franciaorsz\u00e1gban is megoldatlan.<\/p>\n","protected":false},"excerpt":{"rendered":"<p>Francia \u00e9s n\u00e9metek egyetemist\u00e1k \u00f3ral\u00e1togat\u00e1sa a Heged\u0171s T. Andr\u00e1s Szakk\u00f6z\u00e9piskol\u00e1ban 30 n\u00e9met \u00e9s francia egyetemista l\u00e1togatott el p\u00e9nteken a Heged\u0171s T. Andr\u00e1s Szakk\u00f6z\u00e9piskol\u00e1ba.Mindannyian pedag\u00f3gi\u00e1t tanulnak a n\u00e9metorsz\u00e1gi Bielefeld vagy Vechta Egyetemen, valamint a franciorsz\u00e1gi Angers v\u00e1ros\u00e1ban. A budapesti Szent Istv\u00e1n Egyetem megh\u00edv\u00e1s\u00e1b\u00f3l \u00e9rkeztek Szolnokra, az\u00e9rt, hogy tanuljanak arr\u00f3l, itt hogyan val\u00f3sul meg a kisebbs\u00e9gi \u00e9s [&hellip;]<\/p>\n","protected":false},"author":2,"featured_media":0,"comment_status":"open","ping_status":"open","sticky":false,"template":"","format":"standard","meta":[],"categories":[24],"tags":[],"_links":{"self":[{"href":"http:\/\/archiv.szolnoktv.hu\/index.php?rest_route=\/wp\/v2\/posts\/31129"}],"collection":[{"href":"http:\/\/archiv.szolnoktv.hu\/index.php?rest_route=\/wp\/v2\/posts"}],"about":[{"href":"http:\/\/archiv.szolnoktv.hu\/index.php?rest_route=\/wp\/v2\/types\/post"}],"author":[{"embeddable":true,"href":"http:\/\/archiv.szolnoktv.hu\/index.php?rest_route=\/wp\/v2\/users\/2"}],"replies":[{"embeddable":true,"href":"http:\/\/archiv.szolnoktv.hu\/index.php?rest_route=%2Fwp%2Fv2%2Fcomments&post=31129"}],"version-history":[{"count":1,"href":"http:\/\/archiv.szolnoktv.hu\/index.php?rest_route=\/wp\/v2\/posts\/31129\/revisions"}],"predecessor-version":[{"id":31362,"href":"http:\/\/archiv.szolnoktv.hu\/index.php?rest_route=\/wp\/v2\/posts\/31129\/revisions\/31362"}],"wp:attachment":[{"href":"http:\/\/archiv.szolnoktv.hu\/index.php?rest_route=%2Fwp%2Fv2%2Fmedia&parent=31129"}],"wp:term":[{"taxonomy":"category","embeddable":true,"href":"http:\/\/archiv.szolnoktv.hu\/index.php?rest_route=%2Fwp%2Fv2%2Fcategories&post=31129"},{"taxonomy":"post_tag","embeddable":true,"href":"http:\/\/archiv.szolnoktv.hu\/index.php?rest_route=%2Fwp%2Fv2%2Ftags&post=31129"}],"curies":[{"name":"wp","href":"https:\/\/api.w.org\/{rel}","templated":true}]}}