{"id":31127,"date":"2008-04-18T08:14:49","date_gmt":"2008-04-18T08:14:49","guid":{"rendered":"http:\/\/archiv.szolnoktv.hu\/?p=31127"},"modified":"2021-11-17T13:58:43","modified_gmt":"2021-11-17T13:58:43","slug":"vagyonvedelmi-konferencia","status":"publish","type":"post","link":"http:\/\/archiv.szolnoktv.hu\/?p=31127","title":{"rendered":"Vagyonv\u00e9delmi konferencia"},"content":{"rendered":"<div class='booster-block booster-read-block'><\/div><p>Folyamatos kih\u00edv\u00e1sokkal k\u00fczd a szem\u00e9ly- \u00e9s vagyonv\u00e9delmi szakma. Az \u00e1gazat m\u0171k\u00f6d\u00e9s\u00e9t szab\u00e1lyoz\u00f3 t\u00f6rv\u00e9ny h\u00e1rom \u00e9ve l\u00e9pett \u00e9letbe, \u00e9s ez b\u00e1r el\u0151rel\u00e9p\u00e9st jelentett a kor\u00e1bbiakhoz k\u00e9pest, a kamara megyei eln\u00f6ke szerint a k\u00e9pes\u00edt\u00e9si k\u00f6vetelm\u00e9nyeket a mai kor elv\u00e1r\u00e1saihoz kellene igaz\u00edtani.<br \/>\nMegy\u00e9nkben mintegy 3500-an tagjai a Szem\u00e9ly-, Vagyonv\u00e9delmi \u00e9s Mag\u00e1nnyomoz\u00f3i Szakmai Kamar\u00e1nak. A szakter\u00fcleten m\u0171k\u00f6d\u0151 t\u00e1rsas v\u00e1llalkoz\u00e1sok sz\u00e1ma nyolcvanra tehet\u0151, ma ennek a harmada lenne az ide\u00e1lis &#8211; mondta az Aktu\u00e1lis k\u00e9rd\u00e9s\u00e9re a III. megyei vagyonv\u00e9delmi konferenci\u00e1t megel\u0151z\u0151en a test\u00fclet eln\u00f6ke. A kamara aj\u00e1nl\u00e1sa szerint jelenleg az \u00fagynevezett \u00e9l\u0151er\u0151s \u0151rz\u00e9s nett\u00f3 \u00f3rad\u00edja biztons\u00e1gi \u0151r\u00f6nk\u00e9nt 900 \u00e9s 1000 forint k\u00f6z\u00f6tt lenne az ide\u00e1lis. A piac szerepl\u0151i, teh\u00e1t a szolg\u00e1ltat\u00e1st ig\u00e9nybevev\u0151k ezt azonban nem tudj\u00e1k, vagy nem akarj\u00e1k megfizetni. Az \u00e1ltalunk megk\u00e9rdezett szak\u00e9rt\u0151 szerint az sem ritka, hogy a k\u00fcl\u00f6nb\u00f6z\u0151 k\u00f6zbeszerz\u00e9sek sor\u00e1n a kamara \u00e1ltal javasolt \u00f6sszegnek a fel\u00e9\u00e9rt m\u00e1r el lehet nyerni egy-egy megb\u00edzat\u00e1st.<\/p>\n","protected":false},"excerpt":{"rendered":"<p>Folyamatos kih\u00edv\u00e1sokkal k\u00fczd a szem\u00e9ly- \u00e9s vagyonv\u00e9delmi szakma. Az \u00e1gazat m\u0171k\u00f6d\u00e9s\u00e9t szab\u00e1lyoz\u00f3 t\u00f6rv\u00e9ny h\u00e1rom \u00e9ve l\u00e9pett \u00e9letbe, \u00e9s ez b\u00e1r el\u0151rel\u00e9p\u00e9st jelentett a kor\u00e1bbiakhoz k\u00e9pest, a kamara megyei eln\u00f6ke szerint a k\u00e9pes\u00edt\u00e9si k\u00f6vetelm\u00e9nyeket a mai kor elv\u00e1r\u00e1saihoz kellene igaz\u00edtani. Megy\u00e9nkben mintegy 3500-an tagjai a Szem\u00e9ly-, Vagyonv\u00e9delmi \u00e9s Mag\u00e1nnyomoz\u00f3i Szakmai Kamar\u00e1nak. A szakter\u00fcleten m\u0171k\u00f6d\u0151 t\u00e1rsas v\u00e1llalkoz\u00e1sok [&hellip;]<\/p>\n","protected":false},"author":2,"featured_media":0,"comment_status":"open","ping_status":"open","sticky":false,"template":"","format":"standard","meta":[],"categories":[24],"tags":[],"_links":{"self":[{"href":"http:\/\/archiv.szolnoktv.hu\/index.php?rest_route=\/wp\/v2\/posts\/31127"}],"collection":[{"href":"http:\/\/archiv.szolnoktv.hu\/index.php?rest_route=\/wp\/v2\/posts"}],"about":[{"href":"http:\/\/archiv.szolnoktv.hu\/index.php?rest_route=\/wp\/v2\/types\/post"}],"author":[{"embeddable":true,"href":"http:\/\/archiv.szolnoktv.hu\/index.php?rest_route=\/wp\/v2\/users\/2"}],"replies":[{"embeddable":true,"href":"http:\/\/archiv.szolnoktv.hu\/index.php?rest_route=%2Fwp%2Fv2%2Fcomments&post=31127"}],"version-history":[{"count":1,"href":"http:\/\/archiv.szolnoktv.hu\/index.php?rest_route=\/wp\/v2\/posts\/31127\/revisions"}],"predecessor-version":[{"id":31364,"href":"http:\/\/archiv.szolnoktv.hu\/index.php?rest_route=\/wp\/v2\/posts\/31127\/revisions\/31364"}],"wp:attachment":[{"href":"http:\/\/archiv.szolnoktv.hu\/index.php?rest_route=%2Fwp%2Fv2%2Fmedia&parent=31127"}],"wp:term":[{"taxonomy":"category","embeddable":true,"href":"http:\/\/archiv.szolnoktv.hu\/index.php?rest_route=%2Fwp%2Fv2%2Fcategories&post=31127"},{"taxonomy":"post_tag","embeddable":true,"href":"http:\/\/archiv.szolnoktv.hu\/index.php?rest_route=%2Fwp%2Fv2%2Ftags&post=31127"}],"curies":[{"name":"wp","href":"https:\/\/api.w.org\/{rel}","templated":true}]}}