{"id":31126,"date":"2008-04-18T08:14:02","date_gmt":"2008-04-18T08:14:02","guid":{"rendered":"http:\/\/archiv.szolnoktv.hu\/?p=31126"},"modified":"2021-11-17T13:58:43","modified_gmt":"2021-11-17T13:58:43","slug":"turisztikai-konferencia-3","status":"publish","type":"post","link":"http:\/\/archiv.szolnoktv.hu\/?p=31126","title":{"rendered":"Turisztikai konferencia"},"content":{"rendered":"<div class='booster-block booster-read-block'><\/div><p>A megye \u00e9s a v\u00e1ros egyar\u00e1nt r\u00e1startol az idegenforgalomra. Az utaz\u00e1s ki\u00e1ll\u00edt\u00e1s megnyit\u00e1sa el\u0151tt egy nappal turisztikai szakemberek \u00e9rtekeztek a megyeh\u00e1z\u00e1n. A vizek \u00e9v\u00e9t m\u00e1r most a sikerekek \u00e9v\u00e9nek titul\u00e1lhatja a r\u00e9gi\u00f3, persze csak akkor, ha az itt \u00e9l\u0151k hisznek is magukban, valamint a k\u00edn\u00e1lt szolg\u00e1ltat\u00e1sok min\u0151s\u00e9g\u00e9ben.<br \/>\nLe\u00e1ldoz\u00f3ban a &#8220;szoba kiad\u00f3&#8221;&#8221; t\u00e1bl\u00e1knak- ma m\u00e1r j\u00f3val t\u00f6bb kell ugyanis ahhoz<br \/>\nhogy a n\u00f6vekv\u0151 komfortelv\u00e1r\u00e1sokat t\u00e1maszt\u00f3 vend\u00e9gek ig\u00e9nybe vegy\u00e9k egy- egy fizet\u0151- vend\u00e9gl\u00e1t\u00f3hely szolg\u00e1ltatasait. \u00c1tfog\u00f3 \u00e9s tudatos marketingtev\u00e9kenys\u00e9g n\u00e9lk\u00fcl a megye k\u00f6nnyen leker\u00fclhet a turisztikai produkci\u00f3kat hirdet\u0151 t\u00e9rk\u00e9pr\u0151l. Ez a vesz\u00e9ly azonban nem fenyeget- der\u00fclt ki a J\u00e1sz- Nagykun Szolnok Megyei K\u00f6zgy\u0171l\u00e9s eln\u00f6k\u00e9nek megnyit\u00f3 gondolataib\u00f3l. Fej\u00e9r Andor besz\u00e9des adatokat t\u00e1rt a konferencai r\u00e9sztvev\u0151i el\u00e9. Mint elhangzott: 7.2%-kal 450 ezerre n\u0151tt 2007- ben a vend\u00e9g\u00e9jszak\u00e1k sz\u00e1ma a megy\u00e9ben<br \/>\nami orsz\u00e1gos viszonylatban az \u00e9lmez\u0151nybe emeli a t\u00e9rs\u00e9get. A megyesz\u00e9khely els\u0151k k\u00f6zt felsz\u00f3lal\u00f3 polg\u00e1rmestere a turizmus \u00e9l\u00e9nk\u00edt\u00e9s\u00e9t Szolnok strat\u00e9giai c\u00e9lj\u00e1nak nevezte. A fogaskerekek azonban mostm\u00e1r m\u0171k\u00f6dnek- &#8230;tal\u00e1n t\u00falzott temp\u00f3ban is<\/p>\n","protected":false},"excerpt":{"rendered":"<p>A megye \u00e9s a v\u00e1ros egyar\u00e1nt r\u00e1startol az idegenforgalomra. Az utaz\u00e1s ki\u00e1ll\u00edt\u00e1s megnyit\u00e1sa el\u0151tt egy nappal turisztikai szakemberek \u00e9rtekeztek a megyeh\u00e1z\u00e1n. A vizek \u00e9v\u00e9t m\u00e1r most a sikerekek \u00e9v\u00e9nek titul\u00e1lhatja a r\u00e9gi\u00f3, persze csak akkor, ha az itt \u00e9l\u0151k hisznek is magukban, valamint a k\u00edn\u00e1lt szolg\u00e1ltat\u00e1sok min\u0151s\u00e9g\u00e9ben. Le\u00e1ldoz\u00f3ban a &#8220;szoba kiad\u00f3&#8221;&#8221; t\u00e1bl\u00e1knak- ma m\u00e1r j\u00f3val [&hellip;]<\/p>\n","protected":false},"author":2,"featured_media":0,"comment_status":"open","ping_status":"open","sticky":false,"template":"","format":"standard","meta":[],"categories":[24],"tags":[],"_links":{"self":[{"href":"http:\/\/archiv.szolnoktv.hu\/index.php?rest_route=\/wp\/v2\/posts\/31126"}],"collection":[{"href":"http:\/\/archiv.szolnoktv.hu\/index.php?rest_route=\/wp\/v2\/posts"}],"about":[{"href":"http:\/\/archiv.szolnoktv.hu\/index.php?rest_route=\/wp\/v2\/types\/post"}],"author":[{"embeddable":true,"href":"http:\/\/archiv.szolnoktv.hu\/index.php?rest_route=\/wp\/v2\/users\/2"}],"replies":[{"embeddable":true,"href":"http:\/\/archiv.szolnoktv.hu\/index.php?rest_route=%2Fwp%2Fv2%2Fcomments&post=31126"}],"version-history":[{"count":1,"href":"http:\/\/archiv.szolnoktv.hu\/index.php?rest_route=\/wp\/v2\/posts\/31126\/revisions"}],"predecessor-version":[{"id":31365,"href":"http:\/\/archiv.szolnoktv.hu\/index.php?rest_route=\/wp\/v2\/posts\/31126\/revisions\/31365"}],"wp:attachment":[{"href":"http:\/\/archiv.szolnoktv.hu\/index.php?rest_route=%2Fwp%2Fv2%2Fmedia&parent=31126"}],"wp:term":[{"taxonomy":"category","embeddable":true,"href":"http:\/\/archiv.szolnoktv.hu\/index.php?rest_route=%2Fwp%2Fv2%2Fcategories&post=31126"},{"taxonomy":"post_tag","embeddable":true,"href":"http:\/\/archiv.szolnoktv.hu\/index.php?rest_route=%2Fwp%2Fv2%2Ftags&post=31126"}],"curies":[{"name":"wp","href":"https:\/\/api.w.org\/{rel}","templated":true}]}}