{"id":31125,"date":"2008-04-18T08:13:33","date_gmt":"2008-04-18T08:13:33","guid":{"rendered":"http:\/\/archiv.szolnoktv.hu\/?p=31125"},"modified":"2021-11-17T13:59:43","modified_gmt":"2021-11-17T13:59:43","slug":"reneszansz-vetelkedo","status":"publish","type":"post","link":"http:\/\/archiv.szolnoktv.hu\/?p=31125","title":{"rendered":"Renesz\u00e1nsz vet\u00e9lked\u0151"},"content":{"rendered":"<div class='booster-block booster-read-block'><\/div><p>T\u00f6rt\u00e9netek M\u00e1ty\u00e1s kir\u00e1lyr\u00f3l. A renesz\u00e1nsz \u00e9v jegy\u00e9ben k\u00e9tfordul\u00f3s vet\u00e9lked\u0151t rendezett iskol\u00e1soknak a Hild Viktor V\u00e1rosi K\u00f6nyvt\u00e1r. Az als\u00f3 tagozatosok verseny\u00e9ben ma volt a d\u00f6nt\u0151: a csapatoknak M\u00e1ty\u00e1s kir\u00e1lyr\u00f3l sz\u00f3l\u00f3 mes\u00e9ket kellett el\u0151adniuk.<br \/>\nAz als\u00f3 tagozatosok renesz\u00e1nsz vet\u00e9lked\u0151j\u00e9re 29 csapat nevezett be a k\u00fcl\u00f6nb\u00f6z\u0151 iskol\u00e1kb\u00f3l. Az els\u0151 fordul\u00f3 \u00edr\u00e1sbeli volt, a korszakr\u00f3l sz\u00f3l\u00f3 feladatlapokat kellett a versenyz\u0151knek kit\u00f6lteni, valamint renesz\u00e1nsz b\u00e1bokat k\u00e9sz\u00edteni. A d\u00f6nt\u0151be jutott 9 legjobbnak viszont m\u00e1r sz\u00f3ban kellett bizony\u00edtani. A szervez\u0151k \u00e1ltal megadott, M\u00e1ty\u00e1s kir\u00e1lyr\u00f3l sz\u00f3l\u00f3 mes\u00e9k k\u00f6z\u00fcl kellett egyet kiv\u00e1lasztaniuk \u00e9s korh\u0171 viseletben a zs\u0171ri el\u0151tt el\u0151adniuk. Az els\u0151 helyet a Fiumei \u00dati \u00c1ltal\u00e1nos Iskola di\u00e1kjai szerezt\u00e9k meg. A m\u00e1sodik \u00e9s a harmadik helyezett pedig a II. R\u00e1k\u00f3czi Ferenc \u00c1ltal\u00e1nos Iskola k\u00e9t csapata lett. Jutalmuk term\u00e9szetesen M\u00e1ty\u00e1s kir\u00e1lyr\u00f3l sz\u00f3l\u00f3 k\u00f6nyv volt. A fels\u0151 tagozatosok verseny\u00e9n 10 csapat jutott a d\u00f6nt\u0151be, nekik \u00e1prilis 23-\u00e1n lesz a m\u00e1sodik fordul\u00f3.<\/p>\n","protected":false},"excerpt":{"rendered":"<p>T\u00f6rt\u00e9netek M\u00e1ty\u00e1s kir\u00e1lyr\u00f3l. A renesz\u00e1nsz \u00e9v jegy\u00e9ben k\u00e9tfordul\u00f3s vet\u00e9lked\u0151t rendezett iskol\u00e1soknak a Hild Viktor V\u00e1rosi K\u00f6nyvt\u00e1r. Az als\u00f3 tagozatosok verseny\u00e9ben ma volt a d\u00f6nt\u0151: a csapatoknak M\u00e1ty\u00e1s kir\u00e1lyr\u00f3l sz\u00f3l\u00f3 mes\u00e9ket kellett el\u0151adniuk. Az als\u00f3 tagozatosok renesz\u00e1nsz vet\u00e9lked\u0151j\u00e9re 29 csapat nevezett be a k\u00fcl\u00f6nb\u00f6z\u0151 iskol\u00e1kb\u00f3l. Az els\u0151 fordul\u00f3 \u00edr\u00e1sbeli volt, a korszakr\u00f3l sz\u00f3l\u00f3 feladatlapokat kellett a [&hellip;]<\/p>\n","protected":false},"author":2,"featured_media":0,"comment_status":"open","ping_status":"open","sticky":false,"template":"","format":"standard","meta":[],"categories":[24],"tags":[],"_links":{"self":[{"href":"http:\/\/archiv.szolnoktv.hu\/index.php?rest_route=\/wp\/v2\/posts\/31125"}],"collection":[{"href":"http:\/\/archiv.szolnoktv.hu\/index.php?rest_route=\/wp\/v2\/posts"}],"about":[{"href":"http:\/\/archiv.szolnoktv.hu\/index.php?rest_route=\/wp\/v2\/types\/post"}],"author":[{"embeddable":true,"href":"http:\/\/archiv.szolnoktv.hu\/index.php?rest_route=\/wp\/v2\/users\/2"}],"replies":[{"embeddable":true,"href":"http:\/\/archiv.szolnoktv.hu\/index.php?rest_route=%2Fwp%2Fv2%2Fcomments&post=31125"}],"version-history":[{"count":1,"href":"http:\/\/archiv.szolnoktv.hu\/index.php?rest_route=\/wp\/v2\/posts\/31125\/revisions"}],"predecessor-version":[{"id":31366,"href":"http:\/\/archiv.szolnoktv.hu\/index.php?rest_route=\/wp\/v2\/posts\/31125\/revisions\/31366"}],"wp:attachment":[{"href":"http:\/\/archiv.szolnoktv.hu\/index.php?rest_route=%2Fwp%2Fv2%2Fmedia&parent=31125"}],"wp:term":[{"taxonomy":"category","embeddable":true,"href":"http:\/\/archiv.szolnoktv.hu\/index.php?rest_route=%2Fwp%2Fv2%2Fcategories&post=31125"},{"taxonomy":"post_tag","embeddable":true,"href":"http:\/\/archiv.szolnoktv.hu\/index.php?rest_route=%2Fwp%2Fv2%2Ftags&post=31125"}],"curies":[{"name":"wp","href":"https:\/\/api.w.org\/{rel}","templated":true}]}}