{"id":31124,"date":"2008-04-18T08:11:19","date_gmt":"2008-04-18T08:11:19","guid":{"rendered":"http:\/\/archiv.szolnoktv.hu\/?p=31124"},"modified":"2021-11-17T13:59:44","modified_gmt":"2021-11-17T13:59:44","slug":"intezmenyi-felujitasok","status":"publish","type":"post","link":"http:\/\/archiv.szolnoktv.hu\/?p=31124","title":{"rendered":"Int\u00e9zm\u00e9nyi fel\u00faj\u00edt\u00e1sok"},"content":{"rendered":"<div class='booster-block booster-read-block'><\/div><p>Sz\u00far\u00f3pr\u00f3ba-szer\u0171 vizsg\u00e1latok. H\u00e1rom \u00f6nkorm\u00e1nyzati int\u00e9zm\u00e9nyben elv\u00e9gzett fel\u00faj\u00edt\u00e1st tekintett \u00e1t a k\u00f6zgy\u0171l\u00e9s ellen\u0151rz\u0151 albizotts\u00e1ga. Apr\u00f3s\u00e1gokt\u00f3l eltekintve mindent rendben tal\u00e1ltak.<br \/>\nA vizsg\u00e1lt int\u00e9zm\u00e9nyi fel\u00faj\u00edt\u00e1sok k\u00f6z\u00fcl \u00f6sszegszer\u0171s\u00e9g\u00e9ben is kiemelked\u0151 volt a v\u00e1rosh\u00e1z\u00e1\u00e9. A polg\u00e1rmesteri hivatal f\u00f6ldszinti \u00e9s emeleti foly\u00f3s\u00f3inak, vizesblokkjainak, valamint a d\u00edszteremnek a rekonstrukci\u00f3ja mintegy 65 milli\u00f3 forintba ker\u00fclt. Az ellen\u0151rz\u00e9st v\u00e9gz\u0151k meg\u00e1llap\u00edtott\u00e1k, hogy a legolcs\u00f3bb aj\u00e1nlatot v\u00e1lasztott\u00e1k ki, a kivitelez\u0151 36 havi j\u00f3t\u00e1ll\u00e1st v\u00e1llalt, a munk\u00e1latok hat\u00e1rid\u0151re befejez\u0151dtek. Apr\u00f3s\u00e1gokt\u00f3l eltekintve rendben tal\u00e1ltak mindent a Kod\u00e1ly Zolt\u00e1n \u00c1ltal\u00e1nos Iskola melegv\u00edz vezet\u00e9keinek, illetve a Hild Viktor K\u00f6nyvt\u00e1rhoz tartoz\u00f3 Napsug\u00e1r Gyermekh\u00e1z foglalkoztat\u00f3 \u00e9s bemutat\u00f3 \u00e9p\u00fclet\u00e9nek fel\u00faj\u00edt\u00e1s\u00e1val kapcsolatban is &#8211; hangzott el az ellen\u0151rz\u0151 albizotts\u00e1g \u00fcl\u00e9s\u00e9n. A test\u00fclet szorgalmazta, hogy a j\u00f6v\u0151ben legyen nagyobb \u00f6sszhang a hivatal, az int\u00e9zm\u00e9nyszolg\u00e1lat \u00e9s az int\u00e9zm\u00e9nyek k\u00f6z\u00f6tt, az ugyanis el\u0151fordul, hogy hamarabb v\u00e9geznek el egy-egy fel\u00faj\u00edt\u00e1st, mint ahogy erre \u00e1ld\u00e1s\u00e1t adn\u00e1 a k\u00f6zgy\u0171l\u00e9s, vagy tudom\u00e1st szerezne r\u00f3la az int\u00e9zm\u00e9nyszolg\u00e1lat. Nagy R\u00f3zsa, a bizotts\u00e1g eln\u00f6ke hangs\u00falyozta: mindett\u0151l f\u00fcggetlen\u00fcl az int\u00e9zm\u00e9nyek igyekeznek fegyelmezetten gazd\u00e1lkodni, \u00e9s a megl\u00e9v\u0151 keretb\u0151l, saj\u00e1t forr\u00e1ssal kieg\u00e9sz\u00edtve elv\u00e9gezni a s\u00fcrg\u0151s fel\u00faj\u00edt\u00e1sokat.<\/p>\n","protected":false},"excerpt":{"rendered":"<p>Sz\u00far\u00f3pr\u00f3ba-szer\u0171 vizsg\u00e1latok. H\u00e1rom \u00f6nkorm\u00e1nyzati int\u00e9zm\u00e9nyben elv\u00e9gzett fel\u00faj\u00edt\u00e1st tekintett \u00e1t a k\u00f6zgy\u0171l\u00e9s ellen\u0151rz\u0151 albizotts\u00e1ga. Apr\u00f3s\u00e1gokt\u00f3l eltekintve mindent rendben tal\u00e1ltak. A vizsg\u00e1lt int\u00e9zm\u00e9nyi fel\u00faj\u00edt\u00e1sok k\u00f6z\u00fcl \u00f6sszegszer\u0171s\u00e9g\u00e9ben is kiemelked\u0151 volt a v\u00e1rosh\u00e1z\u00e1\u00e9. A polg\u00e1rmesteri hivatal f\u00f6ldszinti \u00e9s emeleti foly\u00f3s\u00f3inak, vizesblokkjainak, valamint a d\u00edszteremnek a rekonstrukci\u00f3ja mintegy 65 milli\u00f3 forintba ker\u00fclt. Az ellen\u0151rz\u00e9st v\u00e9gz\u0151k meg\u00e1llap\u00edtott\u00e1k, hogy a legolcs\u00f3bb aj\u00e1nlatot [&hellip;]<\/p>\n","protected":false},"author":2,"featured_media":0,"comment_status":"open","ping_status":"open","sticky":false,"template":"","format":"standard","meta":[],"categories":[24],"tags":[],"_links":{"self":[{"href":"http:\/\/archiv.szolnoktv.hu\/index.php?rest_route=\/wp\/v2\/posts\/31124"}],"collection":[{"href":"http:\/\/archiv.szolnoktv.hu\/index.php?rest_route=\/wp\/v2\/posts"}],"about":[{"href":"http:\/\/archiv.szolnoktv.hu\/index.php?rest_route=\/wp\/v2\/types\/post"}],"author":[{"embeddable":true,"href":"http:\/\/archiv.szolnoktv.hu\/index.php?rest_route=\/wp\/v2\/users\/2"}],"replies":[{"embeddable":true,"href":"http:\/\/archiv.szolnoktv.hu\/index.php?rest_route=%2Fwp%2Fv2%2Fcomments&post=31124"}],"version-history":[{"count":1,"href":"http:\/\/archiv.szolnoktv.hu\/index.php?rest_route=\/wp\/v2\/posts\/31124\/revisions"}],"predecessor-version":[{"id":31367,"href":"http:\/\/archiv.szolnoktv.hu\/index.php?rest_route=\/wp\/v2\/posts\/31124\/revisions\/31367"}],"wp:attachment":[{"href":"http:\/\/archiv.szolnoktv.hu\/index.php?rest_route=%2Fwp%2Fv2%2Fmedia&parent=31124"}],"wp:term":[{"taxonomy":"category","embeddable":true,"href":"http:\/\/archiv.szolnoktv.hu\/index.php?rest_route=%2Fwp%2Fv2%2Fcategories&post=31124"},{"taxonomy":"post_tag","embeddable":true,"href":"http:\/\/archiv.szolnoktv.hu\/index.php?rest_route=%2Fwp%2Fv2%2Ftags&post=31124"}],"curies":[{"name":"wp","href":"https:\/\/api.w.org\/{rel}","templated":true}]}}