{"id":31123,"date":"2008-04-18T08:10:44","date_gmt":"2008-04-18T08:10:44","guid":{"rendered":"http:\/\/archiv.szolnoktv.hu\/?p=31123"},"modified":"2021-11-17T13:59:44","modified_gmt":"2021-11-17T13:59:44","slug":"bolgar-nagykovet-szolnokon","status":"publish","type":"post","link":"http:\/\/archiv.szolnoktv.hu\/?p=31123","title":{"rendered":"Bolg\u00e1r nagyk\u00f6vet Szolnokon"},"content":{"rendered":"<div class='booster-block booster-read-block'><\/div><p>\u00c9rdekes lehet Szolnok Bulg\u00e1ri\u00e1nak. T\u00f6bbek k\u00f6z\u00f6tt err\u0151l is besz\u00e9lt a bolg\u00e1r nagyk\u00f6vet a Verseghy Ferenc K\u00f6nyvt\u00e1rban. Az uni\u00f3s csatlakoz\u00e1sr\u00f3l tartott el\u0151ad\u00e1s mellett l\u00e1togat\u00e1s\u00e1nak c\u00e9lja az volt, hogy megismerje a szolnoki emberek v\u00e9lem\u00e9ny\u00e9t a bolg\u00e1rokr\u00f3l.<br \/>\nDimitar Ikonomov nagyon j\u00f3l besz\u00e9l magyarul. K\u00f6zel m\u00e1sf\u00e9l \u00e9ve Bulg\u00e1ria magyarorsz\u00e1gi nagyk\u00f6vete, de m\u00e1r fiatalkor\u00e1t is haz\u00e1nkban t\u00f6lt\u00f6tte, itt szerezte a diplom\u00e1j\u00e1t, majd \u00e9vekig dolgozott Budapesten. Szolnokra az EuroPartner Klub megh\u00edv\u00e1s\u00e1ra \u00e9rkezett, hogy Bulg\u00e1ria Uni\u00f3s csatlakoz\u00e1s\u00e1r\u00f3l besz\u00e9ljen az \u00e9rdekl\u0151d\u0151knek. A bolg\u00e1r \u00e1llam Rom\u00e1ni\u00e1val egy\u00fctt 2007 janu\u00e1r elsej\u00e9vel lett tagja az Uni\u00f3nak. A csatlakoz\u00e1s miatt ugyan az \u00e9ves n\u00f6veked\u00e9s lassul, de a nagyk\u00f6vet hangs\u00falyozta: van annyi devizatartal\u00e9kuk, hogy a k\u00f6ls\u00e9gvet\u00e9st ez ne \u00e9rintse. A bolg\u00e1r-magyar kapcsolatokr\u00f3l sz\u00f3lva elmondta, a k\u00e9t orsz\u00e1g k\u00f6z\u00f6tt egyre vir\u00e1gz\u00f3bb a gazdas\u00e1gi egy\u00fcttm\u0171k\u00f6d\u00e9s. Ikonomov es\u00e9lyt l\u00e1t arra, hogy Magyarorsz\u00e1gon bel\u00fcl Szolnokkal is kialakulhat ak\u00e1r gazdas\u00e1gi, ak\u00e1r valamilyen testv\u00e9rv\u00e1rosi vagy kultur\u00e1lis kapcsolat. A szolnoki l\u00e1togat\u00e1s ut\u00e1n R\u00e1k\u00f3czifalv\u00e1ra is hivatalos volt a deleg\u00e1ci\u00f3. A kapcsolatot egy Bulg\u00e1ri\u00e1ban tal\u00e1lt R\u00e1k\u00f3czi-s\u00edreml\u00e9k aprop\u00f3j\u00e1n \u00e1polja k\u00e9t f\u00e9l.<\/p>\n","protected":false},"excerpt":{"rendered":"<p>\u00c9rdekes lehet Szolnok Bulg\u00e1ri\u00e1nak. T\u00f6bbek k\u00f6z\u00f6tt err\u0151l is besz\u00e9lt a bolg\u00e1r nagyk\u00f6vet a Verseghy Ferenc K\u00f6nyvt\u00e1rban. Az uni\u00f3s csatlakoz\u00e1sr\u00f3l tartott el\u0151ad\u00e1s mellett l\u00e1togat\u00e1s\u00e1nak c\u00e9lja az volt, hogy megismerje a szolnoki emberek v\u00e9lem\u00e9ny\u00e9t a bolg\u00e1rokr\u00f3l. Dimitar Ikonomov nagyon j\u00f3l besz\u00e9l magyarul. K\u00f6zel m\u00e1sf\u00e9l \u00e9ve Bulg\u00e1ria magyarorsz\u00e1gi nagyk\u00f6vete, de m\u00e1r fiatalkor\u00e1t is haz\u00e1nkban t\u00f6lt\u00f6tte, itt szerezte a [&hellip;]<\/p>\n","protected":false},"author":2,"featured_media":0,"comment_status":"open","ping_status":"open","sticky":false,"template":"","format":"standard","meta":[],"categories":[24],"tags":[],"_links":{"self":[{"href":"http:\/\/archiv.szolnoktv.hu\/index.php?rest_route=\/wp\/v2\/posts\/31123"}],"collection":[{"href":"http:\/\/archiv.szolnoktv.hu\/index.php?rest_route=\/wp\/v2\/posts"}],"about":[{"href":"http:\/\/archiv.szolnoktv.hu\/index.php?rest_route=\/wp\/v2\/types\/post"}],"author":[{"embeddable":true,"href":"http:\/\/archiv.szolnoktv.hu\/index.php?rest_route=\/wp\/v2\/users\/2"}],"replies":[{"embeddable":true,"href":"http:\/\/archiv.szolnoktv.hu\/index.php?rest_route=%2Fwp%2Fv2%2Fcomments&post=31123"}],"version-history":[{"count":1,"href":"http:\/\/archiv.szolnoktv.hu\/index.php?rest_route=\/wp\/v2\/posts\/31123\/revisions"}],"predecessor-version":[{"id":31368,"href":"http:\/\/archiv.szolnoktv.hu\/index.php?rest_route=\/wp\/v2\/posts\/31123\/revisions\/31368"}],"wp:attachment":[{"href":"http:\/\/archiv.szolnoktv.hu\/index.php?rest_route=%2Fwp%2Fv2%2Fmedia&parent=31123"}],"wp:term":[{"taxonomy":"category","embeddable":true,"href":"http:\/\/archiv.szolnoktv.hu\/index.php?rest_route=%2Fwp%2Fv2%2Fcategories&post=31123"},{"taxonomy":"post_tag","embeddable":true,"href":"http:\/\/archiv.szolnoktv.hu\/index.php?rest_route=%2Fwp%2Fv2%2Ftags&post=31123"}],"curies":[{"name":"wp","href":"https:\/\/api.w.org\/{rel}","templated":true}]}}