{"id":31116,"date":"2008-04-16T18:22:42","date_gmt":"2008-04-16T18:22:42","guid":{"rendered":"http:\/\/archiv.szolnoktv.hu\/?p=31116"},"modified":"2021-11-17T13:59:44","modified_gmt":"2021-11-17T13:59:44","slug":"szecsi-margit-emlekest","status":"publish","type":"post","link":"http:\/\/archiv.szolnoktv.hu\/?p=31116","title":{"rendered":"Sz\u00e9csi Margit eml\u00e9kest"},"content":{"rendered":"<div class='booster-block booster-read-block'><\/div><p>Ember-\u00e9nek\u0171 ember. Ezzel a c\u00edmmel tartott Sz\u00e9csi Margit eml\u00e9kestet P\u00e1lfy Margit a Hild Viktor V\u00e1rosi K\u00f6nyvt\u00e1rban. A sz\u00ednm\u0171v\u00e9szn\u0151 szoros kapcsolatban \u00e1llt a 18 \u00e9ve elhunyt k\u00f6lt\u0151n\u0151vel, \u00e9s t\u00f6bb mint harminc \u00e9ve szavalja a verseit.<br \/>\nP\u00e1lfy Margit 1975 \u00f3ta szaval Sz\u00e9csi-verseket, \u00e9s az egyik el\u0151ad\u00e1s\u00e1sra a k\u00f6lt\u0151n\u0151 is felfigyelt. Ett\u0151l kezdve nagyon k\u00f6zeli viszony alakult ki k\u00f6z\u00f6tt\u00fck, \u00e9s ez a bar\u00e1ts\u00e1g meghat\u00e1roz\u00f3 lett a fiatal sz\u00ednm\u0171v\u00e9sz p\u00e1ly\u00e1j\u00e1ra. &#8222;Sz\u00e9csi Margit az \u00e9n anyai j\u00f3bar\u00e1tn\u0151m volt, \u00e9s hogyha nem ismerem meg a verseit, val\u00f3sz\u00edn\u0171leg hogy  soha nem mondok verset, teh\u00e1t tartozok ezzel \u00f6nmagamnak is, \u00e9s a mindenkori k\u00f6z\u00f6ns\u00e9gnek, hogy r\u00e1 eml\u00e9kezek \u00e9s eml\u00e9keztessek, \u00e9s id\u00e9n lenne ugye nyolcvan \u00e9ves, \u00fagyhogy ez most nagyon k\u00f6telez engem, hogy j\u00e1rjam az orsz\u00e1got az \u0151 verseivel, korai \u00e9s a posztomusz verseivel.&#8221;<br \/>P\u00e1lfy Margitnak t\u00f6bb \u00f6n\u00e1ll\u00f3 estje is van, de mindegyikbe belop egy-egy Sz\u00e9csi Margit verset. Azt mondja, ahogy Latinovics az Ady-versek\u00e9, \u0151 a Sz\u00e9csi-versek mond\u00f3ja.<\/p>\n","protected":false},"excerpt":{"rendered":"<p>Ember-\u00e9nek\u0171 ember. Ezzel a c\u00edmmel tartott Sz\u00e9csi Margit eml\u00e9kestet P\u00e1lfy Margit a Hild Viktor V\u00e1rosi K\u00f6nyvt\u00e1rban. A sz\u00ednm\u0171v\u00e9szn\u0151 szoros kapcsolatban \u00e1llt a 18 \u00e9ve elhunyt k\u00f6lt\u0151n\u0151vel, \u00e9s t\u00f6bb mint harminc \u00e9ve szavalja a verseit. P\u00e1lfy Margit 1975 \u00f3ta szaval Sz\u00e9csi-verseket, \u00e9s az egyik el\u0151ad\u00e1s\u00e1sra a k\u00f6lt\u0151n\u0151 is felfigyelt. Ett\u0151l kezdve nagyon k\u00f6zeli viszony alakult ki [&hellip;]<\/p>\n","protected":false},"author":2,"featured_media":0,"comment_status":"open","ping_status":"open","sticky":false,"template":"","format":"standard","meta":[],"categories":[24],"tags":[],"_links":{"self":[{"href":"http:\/\/archiv.szolnoktv.hu\/index.php?rest_route=\/wp\/v2\/posts\/31116"}],"collection":[{"href":"http:\/\/archiv.szolnoktv.hu\/index.php?rest_route=\/wp\/v2\/posts"}],"about":[{"href":"http:\/\/archiv.szolnoktv.hu\/index.php?rest_route=\/wp\/v2\/types\/post"}],"author":[{"embeddable":true,"href":"http:\/\/archiv.szolnoktv.hu\/index.php?rest_route=\/wp\/v2\/users\/2"}],"replies":[{"embeddable":true,"href":"http:\/\/archiv.szolnoktv.hu\/index.php?rest_route=%2Fwp%2Fv2%2Fcomments&post=31116"}],"version-history":[{"count":1,"href":"http:\/\/archiv.szolnoktv.hu\/index.php?rest_route=\/wp\/v2\/posts\/31116\/revisions"}],"predecessor-version":[{"id":31375,"href":"http:\/\/archiv.szolnoktv.hu\/index.php?rest_route=\/wp\/v2\/posts\/31116\/revisions\/31375"}],"wp:attachment":[{"href":"http:\/\/archiv.szolnoktv.hu\/index.php?rest_route=%2Fwp%2Fv2%2Fmedia&parent=31116"}],"wp:term":[{"taxonomy":"category","embeddable":true,"href":"http:\/\/archiv.szolnoktv.hu\/index.php?rest_route=%2Fwp%2Fv2%2Fcategories&post=31116"},{"taxonomy":"post_tag","embeddable":true,"href":"http:\/\/archiv.szolnoktv.hu\/index.php?rest_route=%2Fwp%2Fv2%2Ftags&post=31116"}],"curies":[{"name":"wp","href":"https:\/\/api.w.org\/{rel}","templated":true}]}}