{"id":31114,"date":"2008-04-16T18:22:17","date_gmt":"2008-04-16T18:22:17","guid":{"rendered":"http:\/\/archiv.szolnoktv.hu\/?p=31114"},"modified":"2021-11-17T13:59:44","modified_gmt":"2021-11-17T13:59:44","slug":"mozgasprogram-a-munkacsy-uti-ovodaban","status":"publish","type":"post","link":"http:\/\/archiv.szolnoktv.hu\/?p=31114","title":{"rendered":"Mozg\u00e1sprogram a Munk\u00e1csy \u00dati \u00d3vod\u00e1ban"},"content":{"rendered":"<div class='booster-block booster-read-block'><\/div><p>Nyusziugr\u00e1s, j\u00e1t\u00e9kos mese \u00e9s labdaj\u00e1t\u00e9k. T\u00f6bbek k\u00f6z\u00f6tt ezek szerepeltek a Munk\u00e1csy \u00dati \u00d3voda gyermekeinek szerdai bemutat\u00f3j\u00e1n. A Pedag\u00f3giai Hetek rendezv\u00e9nysorozat keret\u00e9ben h\u00e1rom csoportban tartottak mozg\u00e1sos foglalkoz\u00e1sokat.<br \/>\nFontos szerepet kap a mozg\u00e1s a szandasz\u0151l\u0151si Munk\u00e1csy \u00dati \u00d3vod\u00e1ban. Ez az alapja ugyanis a gyerekek akarati, \u00e9rtelmi \u00e9s szoci\u00e1lis fejl\u0151d\u00e9s\u00e9nek, valamint j\u00f3 megalapoz\u00f3ja az iskol\u00e1ban val\u00f3 helyt\u00e1ll\u00e1snak is. Ez\u00e9rt a mindennapjaikat \u00fagy szervezik, hogy a k\u00fcl\u00f6nf\u00e9le mozg\u00e1sos eszk\u00f6z\u00f6k rendszeresen bent legyenek a csoportokban, \u00edgy a gyerekek a szabadfoglalkoz\u00e1sokon is bevonhatj\u00e1k ezeket j\u00e1t\u00e9kaikba. A bemutat\u00f3n az egyik csoportban \u00e9rtelmi k\u00e9pess\u00e9get fejleszt\u0151 labdaj\u00e1t\u00e9kos bemutat\u00f3t, a m\u00e1sodikban egy j\u00e1t\u00e9kos mesefeldolgoz\u00e1st, harmadikban pedig a k\u00fcl\u00f6nf\u00e9le szabadt\u00e9ri mozg\u00e1slehet\u0151s\u00e9geket felvonultat\u00f3 foglalkoz\u00e1st n\u00e9zhettek meg a k\u00fcl\u00f6nb\u00f6z\u0151 int\u00e9zm\u00e9nyekb\u0151l ell\u00e1togat\u00f3 pedag\u00f3gusok. A bemutat\u00f3\u00f3r\u00e1k ut\u00e1n szakmai megbesz\u00e9l\u00e9ssel z\u00e1rt\u00e1k a programot.<\/p>\n","protected":false},"excerpt":{"rendered":"<p>Nyusziugr\u00e1s, j\u00e1t\u00e9kos mese \u00e9s labdaj\u00e1t\u00e9k. T\u00f6bbek k\u00f6z\u00f6tt ezek szerepeltek a Munk\u00e1csy \u00dati \u00d3voda gyermekeinek szerdai bemutat\u00f3j\u00e1n. A Pedag\u00f3giai Hetek rendezv\u00e9nysorozat keret\u00e9ben h\u00e1rom csoportban tartottak mozg\u00e1sos foglalkoz\u00e1sokat. Fontos szerepet kap a mozg\u00e1s a szandasz\u0151l\u0151si Munk\u00e1csy \u00dati \u00d3vod\u00e1ban. Ez az alapja ugyanis a gyerekek akarati, \u00e9rtelmi \u00e9s szoci\u00e1lis fejl\u0151d\u00e9s\u00e9nek, valamint j\u00f3 megalapoz\u00f3ja az iskol\u00e1ban val\u00f3 helyt\u00e1ll\u00e1snak is. [&hellip;]<\/p>\n","protected":false},"author":2,"featured_media":0,"comment_status":"open","ping_status":"open","sticky":false,"template":"","format":"standard","meta":[],"categories":[24],"tags":[],"_links":{"self":[{"href":"http:\/\/archiv.szolnoktv.hu\/index.php?rest_route=\/wp\/v2\/posts\/31114"}],"collection":[{"href":"http:\/\/archiv.szolnoktv.hu\/index.php?rest_route=\/wp\/v2\/posts"}],"about":[{"href":"http:\/\/archiv.szolnoktv.hu\/index.php?rest_route=\/wp\/v2\/types\/post"}],"author":[{"embeddable":true,"href":"http:\/\/archiv.szolnoktv.hu\/index.php?rest_route=\/wp\/v2\/users\/2"}],"replies":[{"embeddable":true,"href":"http:\/\/archiv.szolnoktv.hu\/index.php?rest_route=%2Fwp%2Fv2%2Fcomments&post=31114"}],"version-history":[{"count":1,"href":"http:\/\/archiv.szolnoktv.hu\/index.php?rest_route=\/wp\/v2\/posts\/31114\/revisions"}],"predecessor-version":[{"id":31377,"href":"http:\/\/archiv.szolnoktv.hu\/index.php?rest_route=\/wp\/v2\/posts\/31114\/revisions\/31377"}],"wp:attachment":[{"href":"http:\/\/archiv.szolnoktv.hu\/index.php?rest_route=%2Fwp%2Fv2%2Fmedia&parent=31114"}],"wp:term":[{"taxonomy":"category","embeddable":true,"href":"http:\/\/archiv.szolnoktv.hu\/index.php?rest_route=%2Fwp%2Fv2%2Fcategories&post=31114"},{"taxonomy":"post_tag","embeddable":true,"href":"http:\/\/archiv.szolnoktv.hu\/index.php?rest_route=%2Fwp%2Fv2%2Ftags&post=31114"}],"curies":[{"name":"wp","href":"https:\/\/api.w.org\/{rel}","templated":true}]}}