{"id":31113,"date":"2008-04-16T18:21:55","date_gmt":"2008-04-16T18:21:55","guid":{"rendered":"http:\/\/archiv.szolnoktv.hu\/?p=31113"},"modified":"2021-11-17T13:59:44","modified_gmt":"2021-11-17T13:59:44","slug":"futoszolo","status":"publish","type":"post","link":"http:\/\/archiv.szolnoktv.hu\/?p=31113","title":{"rendered":"Fut\u00f3sz\u0151l\u0151"},"content":{"rendered":"<div class='booster-block booster-read-block'><\/div><p>Lombfakad\u00e1s el\u0151tt a szolnoki Gerle utca. A belv\u00e1rosi lak\u00f3\u00f6vezet egyik t\u00e1rsash\u00e1za imm\u00e1r negyed sz\u00e1zada, hogy sz\u00f6vets\u00e9get k\u00f6t\u00f6tt a term\u00e9szettel. A homlokzaton felfuttatott sz\u0151l\u0151t\u0151 \u00e1gainak egy\u00fcttes hossza meghaladja a 80 m\u00e9tert.<br \/>\nSzolnok \u00e9s k\u00f6rny\u00e9ke ugyan t\u00e1vol esik a t\u00f6rt\u00e9nelmi borvid\u00e9kekt\u0151l- a sz\u0151l\u0151 azonban itt is j\u00f3l \u00e9rzi mag\u00e1t. A mes\u00e9b\u0151l ismert \u00e9gig\u00e9r\u0151 paszuly mint\u00e1j\u00e1ra a belv\u00e1rosi Gerle utca egyik h\u00e1zt\u00f6mbj\u00e9re imm\u00e1r 27 esztendeje k\u00faszik kitart\u00f3an a k\u00e9pen l\u00e1that\u00f3 n\u00f6v\u00e9ny. Jelenleg a harmadik szinten tart. A szintfelel\u0151s\u00f6k- merthogy ilyenek is vannak- igyekeznek a szomsz\u00e9dok kedv\u00e9ben j\u00e1rni. Egyetlen sz\u0151l\u0151t\u0151 \u00e1rny\u00e9ka igy \u00fcgyel egyszerre 12 lak\u00e1s klim\u00e1j\u00e1ra- a hamarosan kilombosod\u00f3 n\u00f6v\u00e9ny f\u00e1s sz\u00e1r\u00e1nak hossza az oldalhajt\u00e1sokkal mintegy nyolcvan m\u00e9terre tehet\u0151. De nem sz\u00f3ltunk m\u00e9g a term\u00e9sr\u0151l. Pedig \u0151sszel az is van b\u0151ven. Igaz- a s\u00f6t\u00e9t, apr\u00f3 szem\u0171 gy\u00fcm\u00f6lcs nem tartozik a legnemesebb fajt\u00e1k k\u00f6z\u00e9- a t\u00e1rsash\u00e1zi sz\u00fcretet sz\u00e1mon tartja egy ismer\u0151s bor\u00e1sz- aki az emeletr\u0151l lehordott sz\u0151l\u0151szemeket \u00e9vr\u0151l- \u00e9vre sz\u00ednez\u0151anyagnak haszn\u00e1lja fel.<\/p>\n","protected":false},"excerpt":{"rendered":"<p>Lombfakad\u00e1s el\u0151tt a szolnoki Gerle utca. A belv\u00e1rosi lak\u00f3\u00f6vezet egyik t\u00e1rsash\u00e1za imm\u00e1r negyed sz\u00e1zada, hogy sz\u00f6vets\u00e9get k\u00f6t\u00f6tt a term\u00e9szettel. A homlokzaton felfuttatott sz\u0151l\u0151t\u0151 \u00e1gainak egy\u00fcttes hossza meghaladja a 80 m\u00e9tert. Szolnok \u00e9s k\u00f6rny\u00e9ke ugyan t\u00e1vol esik a t\u00f6rt\u00e9nelmi borvid\u00e9kekt\u0151l- a sz\u0151l\u0151 azonban itt is j\u00f3l \u00e9rzi mag\u00e1t. A mes\u00e9b\u0151l ismert \u00e9gig\u00e9r\u0151 paszuly mint\u00e1j\u00e1ra a belv\u00e1rosi [&hellip;]<\/p>\n","protected":false},"author":2,"featured_media":0,"comment_status":"open","ping_status":"open","sticky":false,"template":"","format":"standard","meta":[],"categories":[24],"tags":[],"_links":{"self":[{"href":"http:\/\/archiv.szolnoktv.hu\/index.php?rest_route=\/wp\/v2\/posts\/31113"}],"collection":[{"href":"http:\/\/archiv.szolnoktv.hu\/index.php?rest_route=\/wp\/v2\/posts"}],"about":[{"href":"http:\/\/archiv.szolnoktv.hu\/index.php?rest_route=\/wp\/v2\/types\/post"}],"author":[{"embeddable":true,"href":"http:\/\/archiv.szolnoktv.hu\/index.php?rest_route=\/wp\/v2\/users\/2"}],"replies":[{"embeddable":true,"href":"http:\/\/archiv.szolnoktv.hu\/index.php?rest_route=%2Fwp%2Fv2%2Fcomments&post=31113"}],"version-history":[{"count":1,"href":"http:\/\/archiv.szolnoktv.hu\/index.php?rest_route=\/wp\/v2\/posts\/31113\/revisions"}],"predecessor-version":[{"id":31378,"href":"http:\/\/archiv.szolnoktv.hu\/index.php?rest_route=\/wp\/v2\/posts\/31113\/revisions\/31378"}],"wp:attachment":[{"href":"http:\/\/archiv.szolnoktv.hu\/index.php?rest_route=%2Fwp%2Fv2%2Fmedia&parent=31113"}],"wp:term":[{"taxonomy":"category","embeddable":true,"href":"http:\/\/archiv.szolnoktv.hu\/index.php?rest_route=%2Fwp%2Fv2%2Fcategories&post=31113"},{"taxonomy":"post_tag","embeddable":true,"href":"http:\/\/archiv.szolnoktv.hu\/index.php?rest_route=%2Fwp%2Fv2%2Ftags&post=31113"}],"curies":[{"name":"wp","href":"https:\/\/api.w.org\/{rel}","templated":true}]}}