{"id":31111,"date":"2008-04-15T19:39:46","date_gmt":"2008-04-15T19:39:46","guid":{"rendered":"http:\/\/archiv.szolnoktv.hu\/?p=31111"},"modified":"2021-11-17T13:59:45","modified_gmt":"2021-11-17T13:59:45","slug":"varosgazdalkodasi-bizottsag-4","status":"publish","type":"post","link":"http:\/\/archiv.szolnoktv.hu\/?p=31111","title":{"rendered":"V\u00e1rosgazd\u00e1lkod\u00e1si bizotts\u00e1g"},"content":{"rendered":"<div class='booster-block booster-read-block'><\/div><p>Nagyszab\u00e1s\u00fa \u00fat \u00e9s j\u00e1tsz\u00f3t\u00e9r fel\u00faj\u00edt\u00e1s Szolnokon. A v\u00e1rosban t\u00f6bb \u00fatszakaszon is rossz az aszfalt min\u0151s\u00e9ge. A sof\u0151r\u00f6k figyelm\u00e9t sokszor a k\u00e1ty\u00fak ker\u00fclget\u00e9se k\u00f6ti le. Az \u00f6nkorm\u00e1nyzat most ezen szakaszok fel\u00faj\u00edt\u00e1s\u00e1ra p\u00e1ly\u00e1zik. A j\u00e1tsz\u00f3tereket is biztons\u00e1gosabb\u00e1 kell tenni, ez\u00e9rt a j\u00e1tsz\u00f3t\u00e9r \u00e9p\u00edt\u00e9si program keret\u00e9ben a v\u00e1ros t\u00f6bb sz\u00e1zmill\u00f3 forintot k\u00f6lt a fel\u00faj\u00edt\u00e1sukra, beker\u00edt\u00e9s\u00fckre a k\u00f6vetkez\u0151 \u00e9vekben. Id\u00e9n n\u00e9gy parkot \u00e9p\u00edten\u00e9nek \u00e1t.<\/p>\n","protected":false},"excerpt":{"rendered":"<p>Nagyszab\u00e1s\u00fa \u00fat \u00e9s j\u00e1tsz\u00f3t\u00e9r fel\u00faj\u00edt\u00e1s Szolnokon. A v\u00e1rosban t\u00f6bb \u00fatszakaszon is rossz az aszfalt min\u0151s\u00e9ge. A sof\u0151r\u00f6k figyelm\u00e9t sokszor a k\u00e1ty\u00fak ker\u00fclget\u00e9se k\u00f6ti le. Az \u00f6nkorm\u00e1nyzat most ezen szakaszok fel\u00faj\u00edt\u00e1s\u00e1ra p\u00e1ly\u00e1zik. A j\u00e1tsz\u00f3tereket is biztons\u00e1gosabb\u00e1 kell tenni, ez\u00e9rt a j\u00e1tsz\u00f3t\u00e9r \u00e9p\u00edt\u00e9si program keret\u00e9ben a v\u00e1ros t\u00f6bb sz\u00e1zmill\u00f3 forintot k\u00f6lt a fel\u00faj\u00edt\u00e1sukra, beker\u00edt\u00e9s\u00fckre a k\u00f6vetkez\u0151 \u00e9vekben. [&hellip;]<\/p>\n","protected":false},"author":2,"featured_media":0,"comment_status":"open","ping_status":"open","sticky":false,"template":"","format":"standard","meta":[],"categories":[24],"tags":[],"_links":{"self":[{"href":"http:\/\/archiv.szolnoktv.hu\/index.php?rest_route=\/wp\/v2\/posts\/31111"}],"collection":[{"href":"http:\/\/archiv.szolnoktv.hu\/index.php?rest_route=\/wp\/v2\/posts"}],"about":[{"href":"http:\/\/archiv.szolnoktv.hu\/index.php?rest_route=\/wp\/v2\/types\/post"}],"author":[{"embeddable":true,"href":"http:\/\/archiv.szolnoktv.hu\/index.php?rest_route=\/wp\/v2\/users\/2"}],"replies":[{"embeddable":true,"href":"http:\/\/archiv.szolnoktv.hu\/index.php?rest_route=%2Fwp%2Fv2%2Fcomments&post=31111"}],"version-history":[{"count":1,"href":"http:\/\/archiv.szolnoktv.hu\/index.php?rest_route=\/wp\/v2\/posts\/31111\/revisions"}],"predecessor-version":[{"id":31380,"href":"http:\/\/archiv.szolnoktv.hu\/index.php?rest_route=\/wp\/v2\/posts\/31111\/revisions\/31380"}],"wp:attachment":[{"href":"http:\/\/archiv.szolnoktv.hu\/index.php?rest_route=%2Fwp%2Fv2%2Fmedia&parent=31111"}],"wp:term":[{"taxonomy":"category","embeddable":true,"href":"http:\/\/archiv.szolnoktv.hu\/index.php?rest_route=%2Fwp%2Fv2%2Fcategories&post=31111"},{"taxonomy":"post_tag","embeddable":true,"href":"http:\/\/archiv.szolnoktv.hu\/index.php?rest_route=%2Fwp%2Fv2%2Ftags&post=31111"}],"curies":[{"name":"wp","href":"https:\/\/api.w.org\/{rel}","templated":true}]}}