{"id":31110,"date":"2008-04-15T19:39:06","date_gmt":"2008-04-15T19:39:06","guid":{"rendered":"http:\/\/archiv.szolnoktv.hu\/?p=31110"},"modified":"2021-11-17T13:59:45","modified_gmt":"2021-11-17T13:59:45","slug":"szurmay-kituntetes","status":"publish","type":"post","link":"http:\/\/archiv.szolnoktv.hu\/?p=31110","title":{"rendered":"Szurmay kit\u00fcntet\u00e9s"},"content":{"rendered":"<div class='booster-block booster-read-block'><\/div><p>\u00dajj\u00e1szervez\u0151dik a Magyar Irodalomt\u00f6rt\u00e9neti T\u00e1rsas\u00e1g J\u00e1sz- Nagykun- Szolnok Megyei Tagozata. A szervezet tiszteletbeli eln\u00f6ke az egykori alap\u00edt\u00f3 Szurmay Ern\u0151 lett, akit ma rangos elismer\u00e9sben r\u00e9szes\u00edtettek a megyeh\u00e1z\u00e1n.<br \/>\n&#8222;Olvas\u00e1s \u00e9s kult\u00fara ellenes id\u0151szakot \u00e9l\u00fcnk&#8221; &#8211; fogalmazott a megyeh\u00e1za eln\u00f6ki emelv\u00e9ny\u00e9r\u0151l a Magyar Irodalomt\u00f6rt\u00e9neti T\u00e1rsas\u00e1g eln\u00f6ke Sipos Lajos. Az ELTE tan\u00e1ra a megyei szervezet \u00fajj\u00e1alakul\u00e1sa aprop\u00f3j\u00e1n \u00e9rkezett Szolnokra&#8230; s m\u00e9g valami\u00e9rt: elimer\u00e9sben r\u00e9szes\u00edteni egy bar\u00e1tot, koll\u00e9g\u00e1t: a 85 esztend\u0151s Szurmay Ern\u0151t, aki munk\u00e1ss\u00e1g\u00e1t \u00e1ldozta egy misszi\u00f3\u00e9rt. A d\u00edj n\u00e9vad\u00f3ja: Toldi Ferenc a magyar irodalomt\u00f6rt\u00e9net megalap\u00edt\u00f3ja. A plakettet a Magyar Irodalomt\u00f6rt\u00e9neti T\u00e1rsas\u00e1g \u00edt\u00e9li oda \u00e9vr\u0151l- \u00e9vre azoknak, akik a legt\u00f6bbet teszik az \u00fcgy- azaz az olvas\u00e1s, az idodalom n\u00e9pszer\u0171s\u00edt\u00e9se ter\u00e9n. J\u00e1sz- Nagykun- Szolnok megy\u00e9ben 15 \u00e9ve alap\u00edtott\u00e1k meg az irodalomt\u00f6rt\u00e9neti t\u00e1rsas\u00e1g helyi tagozat\u00e1t. P\u00e1r \u00e9ve azonban megkopott a temp\u00f3- ez\u00e9rt is volt sz\u00fcks\u00e9g a jelk\u00e9pes \u00fajrakezd\u00e9sre, melynek jelent\u0151s\u00e9g\u00e9t a szervezet rendk\u00edv\u00fcl fontosnak tartja. A megyei tagozat munk\u00e1ja ez\u00e9rt is b\u00edr nagy jelent\u0151s\u00e9ggel. A  2011- ben 100 \u00e9ves fenn\u00e1ll\u00e1s\u00e1t \u00fcnnepl\u0151 szervezet m\u00e1r azzal is el\u00e9gedett lenne, ha a naponta t\u00f6bb \u00f3r\u00e1t kitev\u0151 telev\u00edzi\u00f3z\u00e1s \u00e9s internetesz\u00e9s mell\u00e9 csup\u00e1n csak percekre siker\u00fclne visszalopni a k\u00f6nyv ir\u00e1nti ig\u00e9nyt.<\/p>\n","protected":false},"excerpt":{"rendered":"<p>\u00dajj\u00e1szervez\u0151dik a Magyar Irodalomt\u00f6rt\u00e9neti T\u00e1rsas\u00e1g J\u00e1sz- Nagykun- Szolnok Megyei Tagozata. A szervezet tiszteletbeli eln\u00f6ke az egykori alap\u00edt\u00f3 Szurmay Ern\u0151 lett, akit ma rangos elismer\u00e9sben r\u00e9szes\u00edtettek a megyeh\u00e1z\u00e1n. &#8222;Olvas\u00e1s \u00e9s kult\u00fara ellenes id\u0151szakot \u00e9l\u00fcnk&#8221; &#8211; fogalmazott a megyeh\u00e1za eln\u00f6ki emelv\u00e9ny\u00e9r\u0151l a Magyar Irodalomt\u00f6rt\u00e9neti T\u00e1rsas\u00e1g eln\u00f6ke Sipos Lajos. Az ELTE tan\u00e1ra a megyei szervezet \u00fajj\u00e1alakul\u00e1sa aprop\u00f3j\u00e1n \u00e9rkezett [&hellip;]<\/p>\n","protected":false},"author":2,"featured_media":0,"comment_status":"open","ping_status":"open","sticky":false,"template":"","format":"standard","meta":[],"categories":[24],"tags":[],"_links":{"self":[{"href":"http:\/\/archiv.szolnoktv.hu\/index.php?rest_route=\/wp\/v2\/posts\/31110"}],"collection":[{"href":"http:\/\/archiv.szolnoktv.hu\/index.php?rest_route=\/wp\/v2\/posts"}],"about":[{"href":"http:\/\/archiv.szolnoktv.hu\/index.php?rest_route=\/wp\/v2\/types\/post"}],"author":[{"embeddable":true,"href":"http:\/\/archiv.szolnoktv.hu\/index.php?rest_route=\/wp\/v2\/users\/2"}],"replies":[{"embeddable":true,"href":"http:\/\/archiv.szolnoktv.hu\/index.php?rest_route=%2Fwp%2Fv2%2Fcomments&post=31110"}],"version-history":[{"count":1,"href":"http:\/\/archiv.szolnoktv.hu\/index.php?rest_route=\/wp\/v2\/posts\/31110\/revisions"}],"predecessor-version":[{"id":31381,"href":"http:\/\/archiv.szolnoktv.hu\/index.php?rest_route=\/wp\/v2\/posts\/31110\/revisions\/31381"}],"wp:attachment":[{"href":"http:\/\/archiv.szolnoktv.hu\/index.php?rest_route=%2Fwp%2Fv2%2Fmedia&parent=31110"}],"wp:term":[{"taxonomy":"category","embeddable":true,"href":"http:\/\/archiv.szolnoktv.hu\/index.php?rest_route=%2Fwp%2Fv2%2Fcategories&post=31110"},{"taxonomy":"post_tag","embeddable":true,"href":"http:\/\/archiv.szolnoktv.hu\/index.php?rest_route=%2Fwp%2Fv2%2Ftags&post=31110"}],"curies":[{"name":"wp","href":"https:\/\/api.w.org\/{rel}","templated":true}]}}