{"id":31108,"date":"2008-04-15T19:37:55","date_gmt":"2008-04-15T19:37:55","guid":{"rendered":"http:\/\/archiv.szolnoktv.hu\/?p=31108"},"modified":"2021-11-17T13:59:45","modified_gmt":"2021-11-17T13:59:45","slug":"az-elso-ujkori-olimpia","status":"publish","type":"post","link":"http:\/\/archiv.szolnoktv.hu\/?p=31108","title":{"rendered":"Az els\u0151 \u00fajkori olimpia"},"content":{"rendered":"<div class='booster-block booster-read-block'><\/div><p>112 \u00e9vvel ezel\u0151tt ezen a napon fejez\u0151d\u00f6tt be az els\u0151 \u00fajkori olimpia. A kik\u00fcld\u00f6tt hat magyar sportol\u00f3 kiv\u00e1l\u00f3an szerepelt, k\u00f6zt\u00fck a szolnoki k\u00f6t\u0151d\u00e9ssel b\u00edr\u00f3 Kellner Gyula harmadik lett a maratoni fut\u00e1sban.<br \/>\n10 napig, 1896. \u00e1prilis 6-t\u00f3l \u00e1prilis 15-ig tartott az els\u0151 \u00fajkori olimpia. Ath\u00e9nben 14 nemzet sportol\u00f3i 9 sport\u00e1gban m\u00e9rt\u00e9k \u00f6ssze tud\u00e1sukat. A magyarok kiv\u00e1l\u00f3an szerepeltek, a k\u00e9t olimpiai bajnoki c\u00edmmel, az egy m\u00e1sodik \u00e9s a h\u00e1rom harmadik hellyel a hatodik helyen v\u00e9gzett orsz\u00e1gunk az \u00e9remt\u00e1bl\u00e1zaton. Sokaknak Haj\u00f3s Alfr\u00e9d jut esz\u00e9be, hiszen \u0151 volt az els\u0151 magyar olimpiai bajnok, s\u0151t, mindj\u00e1rt dupl\u00e1zott is, de a j\u00e1t\u00e9kok els\u0151 indul\u00f3jak\u00e9nt Szokolyi Alajosra eml\u00e9kezhet\u00fcnk, aki k\u00e9s\u0151bb harmadik lett a 100 m\u00e9teres s\u00edkfut\u00e1sban. Ugyancsak harmadikk\u00e9nt, k\u00e9t g\u00f6r\u00f6g m\u00f6g\u00f6tt \u00e9rt c\u00e9lba Kellner Gyula, aki a maratoni t\u00e1vot 3 \u00f3ra 6 perc 35 m\u00e1sodperc alatt teljes\u00edtette. A Budapesti Torna Club kit\u0171n\u0151 sportol\u00f3ja id\u0151s kor\u00e1ban k\u00f6lt\u00f6z\u00f6tt Szolnokra, ahol \u00e9lete utols\u00f3 \u00e9veit rokonai k\u00f6r\u00e9ben t\u00f6lt\u00f6tte. 1940-ben, 69 \u00e9vesen hunyt el, eml\u00e9k\u00e9t 1992 \u00f3ta utcan\u00e9v is \u0151rzi a megyesz\u00e9khelyen.<\/p>\n","protected":false},"excerpt":{"rendered":"<p>112 \u00e9vvel ezel\u0151tt ezen a napon fejez\u0151d\u00f6tt be az els\u0151 \u00fajkori olimpia. A kik\u00fcld\u00f6tt hat magyar sportol\u00f3 kiv\u00e1l\u00f3an szerepelt, k\u00f6zt\u00fck a szolnoki k\u00f6t\u0151d\u00e9ssel b\u00edr\u00f3 Kellner Gyula harmadik lett a maratoni fut\u00e1sban. 10 napig, 1896. \u00e1prilis 6-t\u00f3l \u00e1prilis 15-ig tartott az els\u0151 \u00fajkori olimpia. Ath\u00e9nben 14 nemzet sportol\u00f3i 9 sport\u00e1gban m\u00e9rt\u00e9k \u00f6ssze tud\u00e1sukat. A magyarok kiv\u00e1l\u00f3an [&hellip;]<\/p>\n","protected":false},"author":2,"featured_media":0,"comment_status":"open","ping_status":"open","sticky":false,"template":"","format":"standard","meta":[],"categories":[24],"tags":[],"_links":{"self":[{"href":"http:\/\/archiv.szolnoktv.hu\/index.php?rest_route=\/wp\/v2\/posts\/31108"}],"collection":[{"href":"http:\/\/archiv.szolnoktv.hu\/index.php?rest_route=\/wp\/v2\/posts"}],"about":[{"href":"http:\/\/archiv.szolnoktv.hu\/index.php?rest_route=\/wp\/v2\/types\/post"}],"author":[{"embeddable":true,"href":"http:\/\/archiv.szolnoktv.hu\/index.php?rest_route=\/wp\/v2\/users\/2"}],"replies":[{"embeddable":true,"href":"http:\/\/archiv.szolnoktv.hu\/index.php?rest_route=%2Fwp%2Fv2%2Fcomments&post=31108"}],"version-history":[{"count":1,"href":"http:\/\/archiv.szolnoktv.hu\/index.php?rest_route=\/wp\/v2\/posts\/31108\/revisions"}],"predecessor-version":[{"id":31383,"href":"http:\/\/archiv.szolnoktv.hu\/index.php?rest_route=\/wp\/v2\/posts\/31108\/revisions\/31383"}],"wp:attachment":[{"href":"http:\/\/archiv.szolnoktv.hu\/index.php?rest_route=%2Fwp%2Fv2%2Fmedia&parent=31108"}],"wp:term":[{"taxonomy":"category","embeddable":true,"href":"http:\/\/archiv.szolnoktv.hu\/index.php?rest_route=%2Fwp%2Fv2%2Fcategories&post=31108"},{"taxonomy":"post_tag","embeddable":true,"href":"http:\/\/archiv.szolnoktv.hu\/index.php?rest_route=%2Fwp%2Fv2%2Ftags&post=31108"}],"curies":[{"name":"wp","href":"https:\/\/api.w.org\/{rel}","templated":true}]}}