{"id":31107,"date":"2008-04-15T19:37:09","date_gmt":"2008-04-15T19:37:09","guid":{"rendered":"http:\/\/archiv.szolnoktv.hu\/?p=31107"},"modified":"2021-11-17T13:59:45","modified_gmt":"2021-11-17T13:59:45","slug":"irodalmi-talalkozo-zagyvarekason","status":"publish","type":"post","link":"http:\/\/archiv.szolnoktv.hu\/?p=31107","title":{"rendered":"Irodalmi tal\u00e1lkoz\u00f3 Zagyvar\u00e9kason"},"content":{"rendered":"<div class='booster-block booster-read-block'><\/div><p>Serf\u0151z\u0151 Simon nagy tiszteletnek \u00f6rvend sz\u00fcl\u0151faluj\u00e1ban, Zagyvar\u00e9kason. Janu\u00e1r 25-\u00e9n a Magyar Kult\u00fara napja alkalm\u00e1b\u00f3l k\u00f6sz\u00f6nt\u00f6tt\u00e9k sz\u00fclet\u00e9snapj\u00e1t, akkor az iskol\u00e1ban egy kis kamaraki\u00e1ll\u00edt\u00e1st rendeztek \u00e9letm\u0171v\u00e9r\u0151l. Ez adta az \u00f6tletet, hogy a k\u00f6zs\u00e9g lakosainak is mutass\u00e1k be a J\u00f3zsef Attila-d\u00edjas k\u00f6lt\u0151 munk\u00e1ss\u00e1g\u00e1t. A m\u00e1sik aprop\u00f3 az volt, hogy Budapesten febru\u00e1r 14-\u00e9n Balassi-karddal jutalmazt\u00e1k Serf\u0151z\u0151 Simon k\u00f6lt\u00e9szet\u00e9t, ez\u00e9rt m\u00e9gink\u00e1bb n\u00e9pszer\u0171s\u00edteni szeretn\u00e9k faluj\u00e1ban \u00e9letm\u0171v\u00e9t. Ezt a c\u00e9lt szolg\u00e1lja a mai irodalmi tal\u00e1lkoz\u00f3 keret\u00e9ben megny\u00edlt \u00e9letm\u0171-ki\u00e1ll\u00edt\u00e1s. A k\u00f6lt\u0151 elmondta: f\u00f6lmer\u00fclt benne a k\u00e9rd\u00e9s, hogy olyan anyaggal tud-e ezen a ki\u00e1ll\u00edt\u00e1son bemutatkozni, amely \u00e9rdemes arra, hogy megn\u00e9zz\u00e9k a falubeliek, a fiatalok, de azt rem\u00e9li, hogy ezen kereszt\u00fcl a zagyvar\u00e9kasiaknak r\u00e1l\u00e1t\u00e1suk lesz a magyar irodalom egy szelet\u00e9re. Az irodalmi tal\u00e1lkoz\u00f3 programj\u00e1ban szerepeltek m\u00e9g a n\u00e9pdal, n\u00e9pt\u00e1nc \u00e9s mazsorett csoportok m\u0171sorai, \u00e9s term\u00e9szetesen Serf\u0151z\u0151 Simon versei az iskol\u00e1sok el\u0151ad\u00e1s\u00e1ban.<\/p>\n","protected":false},"excerpt":{"rendered":"<p>Serf\u0151z\u0151 Simon nagy tiszteletnek \u00f6rvend sz\u00fcl\u0151faluj\u00e1ban, Zagyvar\u00e9kason. Janu\u00e1r 25-\u00e9n a Magyar Kult\u00fara napja alkalm\u00e1b\u00f3l k\u00f6sz\u00f6nt\u00f6tt\u00e9k sz\u00fclet\u00e9snapj\u00e1t, akkor az iskol\u00e1ban egy kis kamaraki\u00e1ll\u00edt\u00e1st rendeztek \u00e9letm\u0171v\u00e9r\u0151l. Ez adta az \u00f6tletet, hogy a k\u00f6zs\u00e9g lakosainak is mutass\u00e1k be a J\u00f3zsef Attila-d\u00edjas k\u00f6lt\u0151 munk\u00e1ss\u00e1g\u00e1t. A m\u00e1sik aprop\u00f3 az volt, hogy Budapesten febru\u00e1r 14-\u00e9n Balassi-karddal jutalmazt\u00e1k Serf\u0151z\u0151 Simon k\u00f6lt\u00e9szet\u00e9t, ez\u00e9rt [&hellip;]<\/p>\n","protected":false},"author":2,"featured_media":0,"comment_status":"open","ping_status":"open","sticky":false,"template":"","format":"standard","meta":[],"categories":[24],"tags":[],"_links":{"self":[{"href":"http:\/\/archiv.szolnoktv.hu\/index.php?rest_route=\/wp\/v2\/posts\/31107"}],"collection":[{"href":"http:\/\/archiv.szolnoktv.hu\/index.php?rest_route=\/wp\/v2\/posts"}],"about":[{"href":"http:\/\/archiv.szolnoktv.hu\/index.php?rest_route=\/wp\/v2\/types\/post"}],"author":[{"embeddable":true,"href":"http:\/\/archiv.szolnoktv.hu\/index.php?rest_route=\/wp\/v2\/users\/2"}],"replies":[{"embeddable":true,"href":"http:\/\/archiv.szolnoktv.hu\/index.php?rest_route=%2Fwp%2Fv2%2Fcomments&post=31107"}],"version-history":[{"count":1,"href":"http:\/\/archiv.szolnoktv.hu\/index.php?rest_route=\/wp\/v2\/posts\/31107\/revisions"}],"predecessor-version":[{"id":31384,"href":"http:\/\/archiv.szolnoktv.hu\/index.php?rest_route=\/wp\/v2\/posts\/31107\/revisions\/31384"}],"wp:attachment":[{"href":"http:\/\/archiv.szolnoktv.hu\/index.php?rest_route=%2Fwp%2Fv2%2Fmedia&parent=31107"}],"wp:term":[{"taxonomy":"category","embeddable":true,"href":"http:\/\/archiv.szolnoktv.hu\/index.php?rest_route=%2Fwp%2Fv2%2Fcategories&post=31107"},{"taxonomy":"post_tag","embeddable":true,"href":"http:\/\/archiv.szolnoktv.hu\/index.php?rest_route=%2Fwp%2Fv2%2Ftags&post=31107"}],"curies":[{"name":"wp","href":"https:\/\/api.w.org\/{rel}","templated":true}]}}