{"id":31106,"date":"2008-04-15T19:35:59","date_gmt":"2008-04-15T19:35:59","guid":{"rendered":"http:\/\/archiv.szolnoktv.hu\/?p=31106"},"modified":"2021-11-17T13:59:45","modified_gmt":"2021-11-17T13:59:45","slug":"aramszunet-a-varosban","status":"publish","type":"post","link":"http:\/\/archiv.szolnoktv.hu\/?p=31106","title":{"rendered":"\u00c1ramsz\u00fcnet a v\u00e1rosban"},"content":{"rendered":"<div class='booster-block booster-read-block'><\/div><p>Tegnap este szinte Szolnok eg\u00e9sz ter\u00fclet\u00e9n megsz\u0171nt az \u00e1ramell\u00e1t\u00e1s. A kimarad\u00e1st 21 \u00f3ra 10 perckor a r\u00e9kasi \u00faton l\u00e9v\u0151 transzform\u00e1tor \u00e1llom\u00e1s egy 10 kV-os megszak\u00edt\u00f3j\u00e1nak meghib\u00e1sod\u00e1sa okozta &#8211; tudta meg szerkeszt\u0151s\u00e9g\u00fcnk. Emiatt Szolnok egy jelent\u0151s r\u00e9sz\u00e9n, \u00edgy p\u00e9ld\u00e1ul a Sz\u00e9chenyi-lak\u00f3telepen, a Tallinn-v\u00e1rosr\u00e9szben, a belv\u00e1rosban, valamint a Tisza-h\u00edd \u00e9s a Tab\u00e1n k\u00f6rny\u00e9k\u00e9n csak a hold vil\u00e1g\u00edtotta be az utc\u00e1kat. Az E-on szakemberei alig f\u00e9l \u00f3ra alatt elh\u00e1r\u00edtott\u00e1k a hib\u00e1t, \u00edgy f\u00e9l 10 ut\u00e1n n\u00e9h\u00e1ny perccel \u00fajra volt \u00e1ram a megyesz\u00e9khelyen.<\/p>\n","protected":false},"excerpt":{"rendered":"<p>Tegnap este szinte Szolnok eg\u00e9sz ter\u00fclet\u00e9n megsz\u0171nt az \u00e1ramell\u00e1t\u00e1s. A kimarad\u00e1st 21 \u00f3ra 10 perckor a r\u00e9kasi \u00faton l\u00e9v\u0151 transzform\u00e1tor \u00e1llom\u00e1s egy 10 kV-os megszak\u00edt\u00f3j\u00e1nak meghib\u00e1sod\u00e1sa okozta &#8211; tudta meg szerkeszt\u0151s\u00e9g\u00fcnk. Emiatt Szolnok egy jelent\u0151s r\u00e9sz\u00e9n, \u00edgy p\u00e9ld\u00e1ul a Sz\u00e9chenyi-lak\u00f3telepen, a Tallinn-v\u00e1rosr\u00e9szben, a belv\u00e1rosban, valamint a Tisza-h\u00edd \u00e9s a Tab\u00e1n k\u00f6rny\u00e9k\u00e9n csak a hold vil\u00e1g\u00edtotta [&hellip;]<\/p>\n","protected":false},"author":2,"featured_media":0,"comment_status":"open","ping_status":"open","sticky":false,"template":"","format":"standard","meta":[],"categories":[24],"tags":[],"_links":{"self":[{"href":"http:\/\/archiv.szolnoktv.hu\/index.php?rest_route=\/wp\/v2\/posts\/31106"}],"collection":[{"href":"http:\/\/archiv.szolnoktv.hu\/index.php?rest_route=\/wp\/v2\/posts"}],"about":[{"href":"http:\/\/archiv.szolnoktv.hu\/index.php?rest_route=\/wp\/v2\/types\/post"}],"author":[{"embeddable":true,"href":"http:\/\/archiv.szolnoktv.hu\/index.php?rest_route=\/wp\/v2\/users\/2"}],"replies":[{"embeddable":true,"href":"http:\/\/archiv.szolnoktv.hu\/index.php?rest_route=%2Fwp%2Fv2%2Fcomments&post=31106"}],"version-history":[{"count":1,"href":"http:\/\/archiv.szolnoktv.hu\/index.php?rest_route=\/wp\/v2\/posts\/31106\/revisions"}],"predecessor-version":[{"id":31385,"href":"http:\/\/archiv.szolnoktv.hu\/index.php?rest_route=\/wp\/v2\/posts\/31106\/revisions\/31385"}],"wp:attachment":[{"href":"http:\/\/archiv.szolnoktv.hu\/index.php?rest_route=%2Fwp%2Fv2%2Fmedia&parent=31106"}],"wp:term":[{"taxonomy":"category","embeddable":true,"href":"http:\/\/archiv.szolnoktv.hu\/index.php?rest_route=%2Fwp%2Fv2%2Fcategories&post=31106"},{"taxonomy":"post_tag","embeddable":true,"href":"http:\/\/archiv.szolnoktv.hu\/index.php?rest_route=%2Fwp%2Fv2%2Ftags&post=31106"}],"curies":[{"name":"wp","href":"https:\/\/api.w.org\/{rel}","templated":true}]}}