{"id":31100,"date":"2008-04-15T11:23:51","date_gmt":"2008-04-15T11:23:51","guid":{"rendered":"http:\/\/archiv.szolnoktv.hu\/?p=31100"},"modified":"2021-11-17T13:59:46","modified_gmt":"2021-11-17T13:59:46","slug":"vizugyi-ertekezlet-2","status":"publish","type":"post","link":"http:\/\/archiv.szolnoktv.hu\/?p=31100","title":{"rendered":"V\u00edz\u00fcgyi \u00e9rtekezlet"},"content":{"rendered":"<div class='booster-block booster-read-block'><\/div><p>Nemzetk\u00f6zi \u00f6sszefog\u00e1s az \u00e1rvizek kiv\u00e9d\u00e9s\u00e9re. A K\u00f6z\u00e9p-Tisza Vid\u00e9ki K\u00f6rnyezetv\u00e9delmi \u00e9s V\u00edz\u00fcgyi Igazgat\u00f3s\u00e1g hat nemzet r\u00e9szv\u00e9tel\u00e9vel k\u00f6z\u00f6s p\u00e1ly\u00e1zatot \u00e9s start\u00e9gi\u00e1t dolgozott ki a kl\u00edmav\u00e1ltoz\u00e1s miatt kialakult v\u00edz\u00fcgyi helyzetre.<br \/>\nAz \u00e1rvizi helyzetek megel&#245;z\u00e9s\u00e9re \u00e9s kiv\u00e9d\u00e9s\u00e9re dolgozott ki a K\u00f6z\u00e9p-Tisza Vid\u00e9ki K\u00f6rnyezetv\u00e9delmi \u00e9s V\u00edz\u00fcgyi Igazgat\u00f3s\u00e1g nemzetk\u00f6zi szakemberekkel k\u00f6z\u00f6sen egy egy\u00fcttm&#251;k\u00f6d\u00e9si m\u00f3dszert a v\u00edzgazd\u00e1lkod\u00e1sban \u00e9s az id&#245;j\u00e1r\u00e1si sz\u00e9ls&#245;s\u00e9gek kezel\u00e9s\u00e9ben. A kl\u00edmav\u00e1ltoz\u00e1s miatt ugyanis jelent&#245;sen megv\u00e1ltozott a foly\u00f3k v\u00edzj\u00e1r\u00e1sa \u00e9s ebben igen nagy sz\u00e9ls&#245;s\u00e9gek tapasztalhat\u00f3k. Hol rendk\u00edv\u00fcl nagy az \u00e1rv\u00edz, hol pedig asz\u00e1ly van. Ezek a tendenci\u00e1k az \u00e9ghajlatv\u00e1ltoz\u00e1s miatt tov\u00e1bb er&#245;s\u00f6dnek, ez\u00e9rt m\u00e9g jobban oda kell figyelni, arra, hogy az \u00e1rv\u00edzi biztons\u00e1g \u00e9s a v\u00edzk\u00e9szletekkel val\u00f3 gazd\u00e1lkod\u00e1s kisz\u00e1m\u00edthat\u00f3bb legyen. A magyar, szerb, szlov\u00e1k, ukr\u00e1n, rom\u00e1n, holland \u00e9s g\u00f6r\u00f6g v\u00edz\u00fcgyes szakemberek k\u00f6z\u00f6s p\u00e1ly\u00e1zatot ny\u00fajtanak be a kl\u00edmav\u00e1ltoz\u00e1s \u00e1rv\u00edzi hat\u00e1sainak kiv\u00e9d\u00e9s\u00e9re. Most a k\u00fcl\u00f6nb\u00f6z&#245; nemzetek k\u00e9pvisel&#245;i az\u00e9rt gy&#251;ltek \u00f6ssze, hogy kialak\u00edts\u00e1k a munkacsoportok feladatat\u00e1t, \u00e9s hogy ki milyen ter\u00fcleten dolgozza ki a p\u00e1ly\u00e1zati programot. Amennyiben ezt m\u00e9g ebben az \u00e9vben elfogadj\u00e1k, hozz\u00e1kezdenek a m\u00e1sodik f\u00e1zishoz, amely m\u00e1r egy konkr\u00e9t, hat\u00e9kony szakmai-tudom\u00e1nyos egy\u00fcttm&#251;k\u00f6d\u00e9s lesz. A program megval\u00f3sul\u00e1s\u00e1val nagyobb lehet&#245;s\u00e9g ny\u00edlik az \u00e1rv\u00edzi felk\u00e9sz\u00fcl\u00e9s idej\u00e9nek, a v\u00e9dekez\u00e9s hat\u00e9konys\u00e1g\u00e1nak \u00e9s a lakoss\u00e1g biztons\u00e1g\u00e1nak n\u00f6vel\u00e9s\u00e9re.<\/p>\n","protected":false},"excerpt":{"rendered":"<p>Nemzetk\u00f6zi \u00f6sszefog\u00e1s az \u00e1rvizek kiv\u00e9d\u00e9s\u00e9re. A K\u00f6z\u00e9p-Tisza Vid\u00e9ki K\u00f6rnyezetv\u00e9delmi \u00e9s V\u00edz\u00fcgyi Igazgat\u00f3s\u00e1g hat nemzet r\u00e9szv\u00e9tel\u00e9vel k\u00f6z\u00f6s p\u00e1ly\u00e1zatot \u00e9s start\u00e9gi\u00e1t dolgozott ki a kl\u00edmav\u00e1ltoz\u00e1s miatt kialakult v\u00edz\u00fcgyi helyzetre. Az \u00e1rvizi helyzetek megel&#245;z\u00e9s\u00e9re \u00e9s kiv\u00e9d\u00e9s\u00e9re dolgozott ki a K\u00f6z\u00e9p-Tisza Vid\u00e9ki K\u00f6rnyezetv\u00e9delmi \u00e9s V\u00edz\u00fcgyi Igazgat\u00f3s\u00e1g nemzetk\u00f6zi szakemberekkel k\u00f6z\u00f6sen egy egy\u00fcttm&#251;k\u00f6d\u00e9si m\u00f3dszert a v\u00edzgazd\u00e1lkod\u00e1sban \u00e9s az id&#245;j\u00e1r\u00e1si sz\u00e9ls&#245;s\u00e9gek kezel\u00e9s\u00e9ben. [&hellip;]<\/p>\n","protected":false},"author":2,"featured_media":0,"comment_status":"open","ping_status":"open","sticky":false,"template":"","format":"standard","meta":[],"categories":[24],"tags":[],"_links":{"self":[{"href":"http:\/\/archiv.szolnoktv.hu\/index.php?rest_route=\/wp\/v2\/posts\/31100"}],"collection":[{"href":"http:\/\/archiv.szolnoktv.hu\/index.php?rest_route=\/wp\/v2\/posts"}],"about":[{"href":"http:\/\/archiv.szolnoktv.hu\/index.php?rest_route=\/wp\/v2\/types\/post"}],"author":[{"embeddable":true,"href":"http:\/\/archiv.szolnoktv.hu\/index.php?rest_route=\/wp\/v2\/users\/2"}],"replies":[{"embeddable":true,"href":"http:\/\/archiv.szolnoktv.hu\/index.php?rest_route=%2Fwp%2Fv2%2Fcomments&post=31100"}],"version-history":[{"count":1,"href":"http:\/\/archiv.szolnoktv.hu\/index.php?rest_route=\/wp\/v2\/posts\/31100\/revisions"}],"predecessor-version":[{"id":31391,"href":"http:\/\/archiv.szolnoktv.hu\/index.php?rest_route=\/wp\/v2\/posts\/31100\/revisions\/31391"}],"wp:attachment":[{"href":"http:\/\/archiv.szolnoktv.hu\/index.php?rest_route=%2Fwp%2Fv2%2Fmedia&parent=31100"}],"wp:term":[{"taxonomy":"category","embeddable":true,"href":"http:\/\/archiv.szolnoktv.hu\/index.php?rest_route=%2Fwp%2Fv2%2Fcategories&post=31100"},{"taxonomy":"post_tag","embeddable":true,"href":"http:\/\/archiv.szolnoktv.hu\/index.php?rest_route=%2Fwp%2Fv2%2Ftags&post=31100"}],"curies":[{"name":"wp","href":"https:\/\/api.w.org\/{rel}","templated":true}]}}