{"id":31099,"date":"2008-04-15T11:22:43","date_gmt":"2008-04-15T11:22:43","guid":{"rendered":"http:\/\/archiv.szolnoktv.hu\/?p=31099"},"modified":"2021-11-17T13:59:46","modified_gmt":"2021-11-17T13:59:46","slug":"papirgyari-remenyek-2","status":"publish","type":"post","link":"http:\/\/archiv.szolnoktv.hu\/?p=31099","title":{"rendered":"Pap\u00edrgy\u00e1ri rem\u00e9nyek"},"content":{"rendered":"<div class='booster-block booster-read-block'><\/div><p>\u00c1prilis v\u00e9g\u00e9n m\u00e9gsem mondanak fel a Mondi-csoport szolnoki pap\u00edrgy\u00e1r\u00e1ban dolgoz\u00f3 265 embernek. A tulajdonos \u00fagy d\u00f6nt\u00f6tt, hogy tov\u00e1bbi egy h\u00f3nappal meghosszabb\u00edtja a munkav\u00e1llal\u00f3k szerz\u0151d\u00e9s\u00e9t. Ferencz G\u00e1bor, az igazgat\u00f3s\u00e1g eln\u00f6ke az Aktu\u00e1lisnak azt mondta: b\u00e1r nem akar hi\u00fa \u00e1br\u00e1ndokat kelteni, re\u00e1lis es\u00e9ly\u00e9t l\u00e1tja annak, hogy siker\u00fcl szakmai befektet\u0151t tal\u00e1lni.<br \/>\nCsend honol a szolnoki pap\u00edrgy\u00e1r 17 hekt\u00e1ros ter\u00fclet\u00e9n. Mint arr\u00f3l kor\u00e1bban m\u00e1r besz\u00e1moltunk, az irodai pap\u00edr ir\u00e1nt egyre cs\u00f6kken\u0151 kereslet miatt d\u00f6nt\u00f6tt \u00fagy a tulajdonos, hogy befejezi a termel\u00e9st a megyesz\u00e9khelyen. Ennek megfelel\u0151en m\u00e1rcius 22-\u00e9n le\u00e1lltak a gy\u00e1rt\u00f3sorok, a 265 munkav\u00e1llal\u00f3 szerz\u0151d\u00e9se pedig \u00e1prilis 30-\u00e1n lej\u00e1r. A h\u00e1tt\u00e9rben viszont igen komoly \u00e9s az\u00f3ta el\u0151rehaladt t\u00e1rgyal\u00e1sok folynak a leend\u0151 ipari szakmai befektet\u0151, \u00fczemeltet\u0151 megtal\u00e1l\u00e1sa \u00e9rdek\u00e9ben. Ennek t\u00fckr\u00e9ben d\u00f6nt\u00f6tt \u00fagy a tulajdonos, hogy egy h\u00f3nappal meghosszabb\u00edtja a dolgoz\u00f3k szerz\u0151d\u00e9s\u00e9t. Ez azt jelenti, hogy a munkav\u00e1llal\u00f3k \u00fajabb egy h\u00f3napig az eddigi kereset\u00fcknek megfelel\u0151 \u00f6sszeget kapj\u00e1k, att\u00f3l f\u00fcggetlen\u00fcl, hogy a gy\u00e1rban m\u00e1r nem folyik termel\u00e9s &#8211; hangs\u00falyozta Ferencz G\u00e1bor. Az igazgat\u00f3s\u00e1g eln\u00f6ke hozz\u00e1tette: a dolgoz\u00f3kkal \u00e9s az \u00e9rdekk\u00e9pviselettel siker\u00fclt meg\u00e1llapodni, egy esetleges felmond\u00e1s eset\u00e9n azok p\u00e9ld\u00e1ul, akik a gy\u00e1r 1995-\u00f6s \u00fajraindul\u00e1sa \u00f3ta itt dolgoznak, 15 havi v\u00e9gkiel\u00e9g\u00edt\u00e9sben r\u00e9szes\u00fclnek. Ferencz G\u00e1bor k\u00e9t partner eset\u00e9ben is konkr\u00e9t es\u00e9lyt l\u00e1t, mint fogalmazott, happy enddel z\u00e1rulhat a t\u00f6rt\u00e9net. A Mondinak tov\u00e1bbra is egyetlen kik\u00f6t\u00e9se van: irodai pap\u00edrt nem gy\u00e1rthat a lehets\u00e9ges vev\u0151.<\/p>\n","protected":false},"excerpt":{"rendered":"<p>\u00c1prilis v\u00e9g\u00e9n m\u00e9gsem mondanak fel a Mondi-csoport szolnoki pap\u00edrgy\u00e1r\u00e1ban dolgoz\u00f3 265 embernek. A tulajdonos \u00fagy d\u00f6nt\u00f6tt, hogy tov\u00e1bbi egy h\u00f3nappal meghosszabb\u00edtja a munkav\u00e1llal\u00f3k szerz\u0151d\u00e9s\u00e9t. Ferencz G\u00e1bor, az igazgat\u00f3s\u00e1g eln\u00f6ke az Aktu\u00e1lisnak azt mondta: b\u00e1r nem akar hi\u00fa \u00e1br\u00e1ndokat kelteni, re\u00e1lis es\u00e9ly\u00e9t l\u00e1tja annak, hogy siker\u00fcl szakmai befektet\u0151t tal\u00e1lni. Csend honol a szolnoki pap\u00edrgy\u00e1r 17 hekt\u00e1ros [&hellip;]<\/p>\n","protected":false},"author":2,"featured_media":0,"comment_status":"open","ping_status":"open","sticky":false,"template":"","format":"standard","meta":[],"categories":[24],"tags":[],"_links":{"self":[{"href":"http:\/\/archiv.szolnoktv.hu\/index.php?rest_route=\/wp\/v2\/posts\/31099"}],"collection":[{"href":"http:\/\/archiv.szolnoktv.hu\/index.php?rest_route=\/wp\/v2\/posts"}],"about":[{"href":"http:\/\/archiv.szolnoktv.hu\/index.php?rest_route=\/wp\/v2\/types\/post"}],"author":[{"embeddable":true,"href":"http:\/\/archiv.szolnoktv.hu\/index.php?rest_route=\/wp\/v2\/users\/2"}],"replies":[{"embeddable":true,"href":"http:\/\/archiv.szolnoktv.hu\/index.php?rest_route=%2Fwp%2Fv2%2Fcomments&post=31099"}],"version-history":[{"count":1,"href":"http:\/\/archiv.szolnoktv.hu\/index.php?rest_route=\/wp\/v2\/posts\/31099\/revisions"}],"predecessor-version":[{"id":31392,"href":"http:\/\/archiv.szolnoktv.hu\/index.php?rest_route=\/wp\/v2\/posts\/31099\/revisions\/31392"}],"wp:attachment":[{"href":"http:\/\/archiv.szolnoktv.hu\/index.php?rest_route=%2Fwp%2Fv2%2Fmedia&parent=31099"}],"wp:term":[{"taxonomy":"category","embeddable":true,"href":"http:\/\/archiv.szolnoktv.hu\/index.php?rest_route=%2Fwp%2Fv2%2Fcategories&post=31099"},{"taxonomy":"post_tag","embeddable":true,"href":"http:\/\/archiv.szolnoktv.hu\/index.php?rest_route=%2Fwp%2Fv2%2Ftags&post=31099"}],"curies":[{"name":"wp","href":"https:\/\/api.w.org\/{rel}","templated":true}]}}