{"id":31098,"date":"2008-04-15T11:22:15","date_gmt":"2008-04-15T11:22:15","guid":{"rendered":"http:\/\/archiv.szolnoktv.hu\/?p=31098"},"modified":"2021-11-17T13:59:46","modified_gmt":"2021-11-17T13:59:46","slug":"harminc-eves-a-munkacsy-uti-ovoda-2","status":"publish","type":"post","link":"http:\/\/archiv.szolnoktv.hu\/?p=31098","title":{"rendered":"Harminc \u00e9ves a Munk\u00e1csy \u00dati \u00d3voda"},"content":{"rendered":"<div class='booster-block booster-read-block'><\/div><p>Sz\u00fclet\u00e9snap a Munk\u00e1csy \u00dati \u00d3vod\u00e1ban. A harmincadik \u00e9ve fenn\u00e1ll\u00f3 int\u00e9zm\u00e9ny eg\u00e9sz hetes programsorozattal \u00fcnnepel. Ma k\u00e9zm&#251;ves ki\u00e1ll\u00edt\u00e1ssal kedveskedtek a gyerekeknek \u00e9s sz\u00fcleiknek. Moln\u00e1r Tam\u00e1sn\u00e9, az \u00f3voda vezet&#245;je elmondta, a Szent Lucia k\u00e9zm\u0171vesk\u00f6r c\u00e9h \u00e1ll\u00edtotta ki munk\u00e1it: van fazekas, ker\u00e1mia \u00e9s szalmab\u00e1bu ki\u00e1ll\u00edt\u00e1s, amellyel megpr\u00f3b\u00e1lj\u00e1k a sz\u00fcl\u0151k \u00e9s a gyerekek fel\u00e9 a k\u00e9zm\u0171vess\u00e9g \u00e9rt\u00e9keit k\u00f6zvet\u00edteni. A ki\u00e1ll\u00edt\u00e1s p\u00e9ntekig l\u00e1that\u00f3. Kedden a sz\u00fcl&#245;knek tartanak bemutat\u00f3t az \u00f3vodai \u00e9letb&#245;l, szerd\u00e1n tornabemutat\u00f3t szerveznek a pedag\u00f3gusoknak. A cs\u00fct\u00f6rt\u00f6k a gyerekek\u00e9, a Csizm\u00e1s Kand\u00far el&#245;ad\u00e1s\u00e1t n\u00e9zhetik meg, ut\u00e1na pedig meggy\u00fajtj\u00e1k a sz\u00fclet\u00e9snapi tort\u00e1n a gyerty\u00e1t \u00e9s a csillagsz\u00f3r\u00f3t. P\u00e9nteken pedig K\u00f6rm\u00f6czi Katalin tart el&#245;ad\u00e1st a j\u00e1t\u00e9kr\u00f3l.<\/p>\n","protected":false},"excerpt":{"rendered":"<p>Sz\u00fclet\u00e9snap a Munk\u00e1csy \u00dati \u00d3vod\u00e1ban. A harmincadik \u00e9ve fenn\u00e1ll\u00f3 int\u00e9zm\u00e9ny eg\u00e9sz hetes programsorozattal \u00fcnnepel. Ma k\u00e9zm&#251;ves ki\u00e1ll\u00edt\u00e1ssal kedveskedtek a gyerekeknek \u00e9s sz\u00fcleiknek. Moln\u00e1r Tam\u00e1sn\u00e9, az \u00f3voda vezet&#245;je elmondta, a Szent Lucia k\u00e9zm\u0171vesk\u00f6r c\u00e9h \u00e1ll\u00edtotta ki munk\u00e1it: van fazekas, ker\u00e1mia \u00e9s szalmab\u00e1bu ki\u00e1ll\u00edt\u00e1s, amellyel megpr\u00f3b\u00e1lj\u00e1k a sz\u00fcl\u0151k \u00e9s a gyerekek fel\u00e9 a k\u00e9zm\u0171vess\u00e9g \u00e9rt\u00e9keit k\u00f6zvet\u00edteni. A [&hellip;]<\/p>\n","protected":false},"author":2,"featured_media":0,"comment_status":"open","ping_status":"open","sticky":false,"template":"","format":"standard","meta":[],"categories":[24],"tags":[],"_links":{"self":[{"href":"http:\/\/archiv.szolnoktv.hu\/index.php?rest_route=\/wp\/v2\/posts\/31098"}],"collection":[{"href":"http:\/\/archiv.szolnoktv.hu\/index.php?rest_route=\/wp\/v2\/posts"}],"about":[{"href":"http:\/\/archiv.szolnoktv.hu\/index.php?rest_route=\/wp\/v2\/types\/post"}],"author":[{"embeddable":true,"href":"http:\/\/archiv.szolnoktv.hu\/index.php?rest_route=\/wp\/v2\/users\/2"}],"replies":[{"embeddable":true,"href":"http:\/\/archiv.szolnoktv.hu\/index.php?rest_route=%2Fwp%2Fv2%2Fcomments&post=31098"}],"version-history":[{"count":1,"href":"http:\/\/archiv.szolnoktv.hu\/index.php?rest_route=\/wp\/v2\/posts\/31098\/revisions"}],"predecessor-version":[{"id":31393,"href":"http:\/\/archiv.szolnoktv.hu\/index.php?rest_route=\/wp\/v2\/posts\/31098\/revisions\/31393"}],"wp:attachment":[{"href":"http:\/\/archiv.szolnoktv.hu\/index.php?rest_route=%2Fwp%2Fv2%2Fmedia&parent=31098"}],"wp:term":[{"taxonomy":"category","embeddable":true,"href":"http:\/\/archiv.szolnoktv.hu\/index.php?rest_route=%2Fwp%2Fv2%2Fcategories&post=31098"},{"taxonomy":"post_tag","embeddable":true,"href":"http:\/\/archiv.szolnoktv.hu\/index.php?rest_route=%2Fwp%2Fv2%2Ftags&post=31098"}],"curies":[{"name":"wp","href":"https:\/\/api.w.org\/{rel}","templated":true}]}}