{"id":31097,"date":"2008-04-15T11:21:44","date_gmt":"2008-04-15T11:21:44","guid":{"rendered":"http:\/\/archiv.szolnoktv.hu\/?p=31097"},"modified":"2021-11-17T13:59:46","modified_gmt":"2021-11-17T13:59:46","slug":"iro-olvaso-talalkozo-3","status":"publish","type":"post","link":"http:\/\/archiv.szolnoktv.hu\/?p=31097","title":{"rendered":"\u00cdr\u00f3-olvas\u00f3 tal\u00e1lkoz\u00f3"},"content":{"rendered":"<div class='booster-block booster-read-block'><\/div><p>A k\u00f6lt\u00e9szet napja alkalm\u00e1b\u00f3l \u00edr\u00f3-olvas\u00f3 tal\u00e1lkoz\u00f3t rendeztek a Hild Viktor k\u00f6nyvt\u00e1rban. A tal\u00e1lkoz\u00f3 vend\u00e9ge Het\u00e9nyi Gy\u00f6rgy volt. A mez\u0151kov\u00e1csh\u00e1zi sz\u00fclet\u00e9s\u0171 k\u00f6lt\u0151 m\u00e1r gyerekkor\u00e1ban is sok verset \u00edrt, de akkor m\u00e9g f\u0151leg a l\u00e1nyoknak. M\u00e1ra azonban ez megv\u00e1ltozott. Az az\u00f3ta eltelt \u00e9vtizedek alatt a r\u00edmfarag\u00f3 kisfi\u00fab\u00f3l sokak kedvenc k\u00f6lt\u0151je lett. Gyakran olyan t\u00e9m\u00e1t ragad meg, ami \u00e9szrev\u00e9tlen\u00fcl a h\u00e9tk\u00f6znapjaink r\u00e9sz\u00e9v\u00e9 v\u00e1lt. Tal\u00e1n pont emiatt szeretik \u0151t, hogy r\u00e1vil\u00e1g\u00edt a mindennapok sz\u00e9ps\u00e9geire.<\/p>\n","protected":false},"excerpt":{"rendered":"<p>A k\u00f6lt\u00e9szet napja alkalm\u00e1b\u00f3l \u00edr\u00f3-olvas\u00f3 tal\u00e1lkoz\u00f3t rendeztek a Hild Viktor k\u00f6nyvt\u00e1rban. A tal\u00e1lkoz\u00f3 vend\u00e9ge Het\u00e9nyi Gy\u00f6rgy volt. A mez\u0151kov\u00e1csh\u00e1zi sz\u00fclet\u00e9s\u0171 k\u00f6lt\u0151 m\u00e1r gyerekkor\u00e1ban is sok verset \u00edrt, de akkor m\u00e9g f\u0151leg a l\u00e1nyoknak. M\u00e1ra azonban ez megv\u00e1ltozott. Az az\u00f3ta eltelt \u00e9vtizedek alatt a r\u00edmfarag\u00f3 kisfi\u00fab\u00f3l sokak kedvenc k\u00f6lt\u0151je lett. Gyakran olyan t\u00e9m\u00e1t ragad meg, ami [&hellip;]<\/p>\n","protected":false},"author":2,"featured_media":0,"comment_status":"open","ping_status":"open","sticky":false,"template":"","format":"standard","meta":[],"categories":[24],"tags":[],"_links":{"self":[{"href":"http:\/\/archiv.szolnoktv.hu\/index.php?rest_route=\/wp\/v2\/posts\/31097"}],"collection":[{"href":"http:\/\/archiv.szolnoktv.hu\/index.php?rest_route=\/wp\/v2\/posts"}],"about":[{"href":"http:\/\/archiv.szolnoktv.hu\/index.php?rest_route=\/wp\/v2\/types\/post"}],"author":[{"embeddable":true,"href":"http:\/\/archiv.szolnoktv.hu\/index.php?rest_route=\/wp\/v2\/users\/2"}],"replies":[{"embeddable":true,"href":"http:\/\/archiv.szolnoktv.hu\/index.php?rest_route=%2Fwp%2Fv2%2Fcomments&post=31097"}],"version-history":[{"count":1,"href":"http:\/\/archiv.szolnoktv.hu\/index.php?rest_route=\/wp\/v2\/posts\/31097\/revisions"}],"predecessor-version":[{"id":31394,"href":"http:\/\/archiv.szolnoktv.hu\/index.php?rest_route=\/wp\/v2\/posts\/31097\/revisions\/31394"}],"wp:attachment":[{"href":"http:\/\/archiv.szolnoktv.hu\/index.php?rest_route=%2Fwp%2Fv2%2Fmedia&parent=31097"}],"wp:term":[{"taxonomy":"category","embeddable":true,"href":"http:\/\/archiv.szolnoktv.hu\/index.php?rest_route=%2Fwp%2Fv2%2Fcategories&post=31097"},{"taxonomy":"post_tag","embeddable":true,"href":"http:\/\/archiv.szolnoktv.hu\/index.php?rest_route=%2Fwp%2Fv2%2Ftags&post=31097"}],"curies":[{"name":"wp","href":"https:\/\/api.w.org\/{rel}","templated":true}]}}