{"id":31093,"date":"2008-04-13T16:52:21","date_gmt":"2008-04-13T16:52:21","guid":{"rendered":"http:\/\/archiv.szolnoktv.hu\/?p=31093"},"modified":"2021-11-17T13:59:47","modified_gmt":"2021-11-17T13:59:47","slug":"tavaszi-jatszohaz","status":"publish","type":"post","link":"http:\/\/archiv.szolnoktv.hu\/?p=31093","title":{"rendered":"Tavaszi j\u00e1tsz\u00f3h\u00e1z"},"content":{"rendered":"<div class='booster-block booster-read-block'><\/div><p>Itt a tavasz, ny\u00edlnak a vir\u00e1gok, egyre jobb az id\u0151 \u00e9s ki lehet menni a szabadba j\u00e1tszani. Ez volt az ihlet\u0151je a szombati Tavasz-k\u00f6sz\u00f6nt\u0151 j\u00e1tsz\u00f3h\u00e1znak. A Napsug\u00e1r Gyermekh\u00e1z programj\u00e1n a gyerekek a tavasszal kapcsolatos k\u00e9zm\u0171ves j\u00e1t\u00e9kokat k\u00e9sz\u00edthett\u00e9k el maguknak, p\u00e9ld\u00e1ul pap\u00edrs\u00e1rk\u00e1nyt, sz\u00e9lforg\u00f3kat, tavaszt\u00fcnd\u00e9rt, pap\u00edrvir\u00e1got \u00e9s m\u00e9g sok egy\u00e9b sz\u00e9p dolgot. M\u00e1tyus S\u00e1ndor, a Gyermekh\u00e1z munkat\u00e1rsa elmondta: az volt a sz\u00e1nd\u00e9kuk, hogy a tavaszi hangulat jegy\u00e9ben ezzel kapcsolatos k\u00e9zm\u0171ves \u00f6tleteket adjanak a gyerekeknek. A szervez\u0151k a program v\u00e9g\u00e9re azt tervezt\u00e9k, hogy az elk\u00e9sz\u00edtett sz\u00e9lcseng\u0151ket \u00e9s pap\u00edrs\u00e1rk\u00e1nyokat az udvaron kipr\u00f3b\u00e1lj\u00e1k, de sajnos az id\u0151j\u00e1r\u00e1s ezt meghi\u00fas\u00edtotta. A j\u00e1tsz\u00f3h\u00e1znak \u0151sszel lesz folytat\u00e1sa.<\/p>\n","protected":false},"excerpt":{"rendered":"<p>Itt a tavasz, ny\u00edlnak a vir\u00e1gok, egyre jobb az id\u0151 \u00e9s ki lehet menni a szabadba j\u00e1tszani. Ez volt az ihlet\u0151je a szombati Tavasz-k\u00f6sz\u00f6nt\u0151 j\u00e1tsz\u00f3h\u00e1znak. A Napsug\u00e1r Gyermekh\u00e1z programj\u00e1n a gyerekek a tavasszal kapcsolatos k\u00e9zm\u0171ves j\u00e1t\u00e9kokat k\u00e9sz\u00edthett\u00e9k el maguknak, p\u00e9ld\u00e1ul pap\u00edrs\u00e1rk\u00e1nyt, sz\u00e9lforg\u00f3kat, tavaszt\u00fcnd\u00e9rt, pap\u00edrvir\u00e1got \u00e9s m\u00e9g sok egy\u00e9b sz\u00e9p dolgot. M\u00e1tyus S\u00e1ndor, a Gyermekh\u00e1z munkat\u00e1rsa [&hellip;]<\/p>\n","protected":false},"author":2,"featured_media":0,"comment_status":"open","ping_status":"open","sticky":false,"template":"","format":"standard","meta":[],"categories":[24],"tags":[],"_links":{"self":[{"href":"http:\/\/archiv.szolnoktv.hu\/index.php?rest_route=\/wp\/v2\/posts\/31093"}],"collection":[{"href":"http:\/\/archiv.szolnoktv.hu\/index.php?rest_route=\/wp\/v2\/posts"}],"about":[{"href":"http:\/\/archiv.szolnoktv.hu\/index.php?rest_route=\/wp\/v2\/types\/post"}],"author":[{"embeddable":true,"href":"http:\/\/archiv.szolnoktv.hu\/index.php?rest_route=\/wp\/v2\/users\/2"}],"replies":[{"embeddable":true,"href":"http:\/\/archiv.szolnoktv.hu\/index.php?rest_route=%2Fwp%2Fv2%2Fcomments&post=31093"}],"version-history":[{"count":1,"href":"http:\/\/archiv.szolnoktv.hu\/index.php?rest_route=\/wp\/v2\/posts\/31093\/revisions"}],"predecessor-version":[{"id":31398,"href":"http:\/\/archiv.szolnoktv.hu\/index.php?rest_route=\/wp\/v2\/posts\/31093\/revisions\/31398"}],"wp:attachment":[{"href":"http:\/\/archiv.szolnoktv.hu\/index.php?rest_route=%2Fwp%2Fv2%2Fmedia&parent=31093"}],"wp:term":[{"taxonomy":"category","embeddable":true,"href":"http:\/\/archiv.szolnoktv.hu\/index.php?rest_route=%2Fwp%2Fv2%2Fcategories&post=31093"},{"taxonomy":"post_tag","embeddable":true,"href":"http:\/\/archiv.szolnoktv.hu\/index.php?rest_route=%2Fwp%2Fv2%2Ftags&post=31093"}],"curies":[{"name":"wp","href":"https:\/\/api.w.org\/{rel}","templated":true}]}}