{"id":31092,"date":"2008-04-13T16:51:36","date_gmt":"2008-04-13T16:51:36","guid":{"rendered":"http:\/\/archiv.szolnoktv.hu\/?p=31092"},"modified":"2021-11-17T13:59:47","modified_gmt":"2021-11-17T13:59:47","slug":"tavaszi-gala","status":"publish","type":"post","link":"http:\/\/archiv.szolnoktv.hu\/?p=31092","title":{"rendered":"Tavaszi G\u00e1la"},"content":{"rendered":"<div class='booster-block booster-read-block'><\/div><p>Tavaszi bemutatkoz\u00f3 g\u00e1l\u00e1t rendezett az Alap\u00edtv\u00e1nyi M\u0171v\u00e9szeti Iskola Szolnokon. Az ifj\u00fa m\u0171v\u00e9szek t\u00e1ncban, zen\u00e9ben \u00e9s k\u00e9pz\u0151m\u0171v\u00e9szetben mutatt\u00e1k be tehets\u00e9g\u00fcket.<br \/>\nAz Alap\u00edtv\u00e1nyi M\u0171v\u00e9szeti Iskola alapfokon \u00e9s k\u00f6z\u00e9pfokon oktat h\u00e1rom m\u0171v\u00e9szeti \u00e1gat: zen\u00e9t, t\u00e1ncot \u00e9s k\u00e9pz\u0151m\u0171v\u00e9szetet. A szolnoki sz\u00e9khely\u0171 iskol\u00e1nak Tiszaf\u00f6ldv\u00e1ron, Cibakh\u00e1z\u00e1n \u00e9s Szajolban vannak tagint\u00e9zm\u00e9nyei, melyekben hat \u00e9ves kort\u00f3l eg\u00e9szen 22 \u00e9ves korig k\u00e9peznek t\u00f6bb sz\u00e1z di\u00e1kot. A szombati g\u00e1l\u00e1n az \u00e9ves munk\u00e1jukb\u00f3l tartottak bemutat\u00f3t. A m\u0171sorban minden m\u0171fajb\u00f3l \u00edzel\u00edt\u0151t kapott a k\u00f6z\u00f6ns\u00e9g. Volt n\u00e9pt\u00e1nc \u00e9s modern t\u00e1nc, \u00e9nek, zongora, fuvola, furulya, t\u00e1rsas t\u00e1nc \u00e9s m\u00e9g sok hangulatos m\u0171sorsz\u00e1m, \u00edgy volt minben gy\u00f6ny\u00f6rk\u00f6dni\u00fck a b\u00fcszke sz\u00fcl\u0151knek. A nagy sikerre val\u00f3 tekintettel az iskola j\u00f6v\u0151re is meg szeretn\u00e9 rendezni a Tavaszi G\u00e1l\u00e1t, de lehet, hogy annak m\u00e1r nem Szolnok, hanem valamelyik tagint\u00e9zm\u00e9ny ad majd otthont.<\/p>\n","protected":false},"excerpt":{"rendered":"<p>Tavaszi bemutatkoz\u00f3 g\u00e1l\u00e1t rendezett az Alap\u00edtv\u00e1nyi M\u0171v\u00e9szeti Iskola Szolnokon. Az ifj\u00fa m\u0171v\u00e9szek t\u00e1ncban, zen\u00e9ben \u00e9s k\u00e9pz\u0151m\u0171v\u00e9szetben mutatt\u00e1k be tehets\u00e9g\u00fcket. Az Alap\u00edtv\u00e1nyi M\u0171v\u00e9szeti Iskola alapfokon \u00e9s k\u00f6z\u00e9pfokon oktat h\u00e1rom m\u0171v\u00e9szeti \u00e1gat: zen\u00e9t, t\u00e1ncot \u00e9s k\u00e9pz\u0151m\u0171v\u00e9szetet. A szolnoki sz\u00e9khely\u0171 iskol\u00e1nak Tiszaf\u00f6ldv\u00e1ron, Cibakh\u00e1z\u00e1n \u00e9s Szajolban vannak tagint\u00e9zm\u00e9nyei, melyekben hat \u00e9ves kort\u00f3l eg\u00e9szen 22 \u00e9ves korig k\u00e9peznek t\u00f6bb sz\u00e1z [&hellip;]<\/p>\n","protected":false},"author":2,"featured_media":0,"comment_status":"open","ping_status":"open","sticky":false,"template":"","format":"standard","meta":[],"categories":[24],"tags":[],"_links":{"self":[{"href":"http:\/\/archiv.szolnoktv.hu\/index.php?rest_route=\/wp\/v2\/posts\/31092"}],"collection":[{"href":"http:\/\/archiv.szolnoktv.hu\/index.php?rest_route=\/wp\/v2\/posts"}],"about":[{"href":"http:\/\/archiv.szolnoktv.hu\/index.php?rest_route=\/wp\/v2\/types\/post"}],"author":[{"embeddable":true,"href":"http:\/\/archiv.szolnoktv.hu\/index.php?rest_route=\/wp\/v2\/users\/2"}],"replies":[{"embeddable":true,"href":"http:\/\/archiv.szolnoktv.hu\/index.php?rest_route=%2Fwp%2Fv2%2Fcomments&post=31092"}],"version-history":[{"count":1,"href":"http:\/\/archiv.szolnoktv.hu\/index.php?rest_route=\/wp\/v2\/posts\/31092\/revisions"}],"predecessor-version":[{"id":31399,"href":"http:\/\/archiv.szolnoktv.hu\/index.php?rest_route=\/wp\/v2\/posts\/31092\/revisions\/31399"}],"wp:attachment":[{"href":"http:\/\/archiv.szolnoktv.hu\/index.php?rest_route=%2Fwp%2Fv2%2Fmedia&parent=31092"}],"wp:term":[{"taxonomy":"category","embeddable":true,"href":"http:\/\/archiv.szolnoktv.hu\/index.php?rest_route=%2Fwp%2Fv2%2Fcategories&post=31092"},{"taxonomy":"post_tag","embeddable":true,"href":"http:\/\/archiv.szolnoktv.hu\/index.php?rest_route=%2Fwp%2Fv2%2Ftags&post=31092"}],"curies":[{"name":"wp","href":"https:\/\/api.w.org\/{rel}","templated":true}]}}