{"id":31091,"date":"2008-04-13T16:51:09","date_gmt":"2008-04-13T16:51:09","guid":{"rendered":"http:\/\/archiv.szolnoktv.hu\/?p=31091"},"modified":"2021-11-17T13:59:47","modified_gmt":"2021-11-17T13:59:47","slug":"szeptemberben-nyit-a-buszpalyaudvar","status":"publish","type":"post","link":"http:\/\/archiv.szolnoktv.hu\/?p=31091","title":{"rendered":"Szeptemberben nyit a buszp\u00e1lyaudvar"},"content":{"rendered":"<div class='booster-block booster-read-block'><\/div><p>Parkol\u00f3h\u00e1z \u00e9s bev\u00e1s\u00e1rl\u00f3k\u00f6zpont, de buszp\u00e1lyaudvar is egyben. Szeptemberben nyit meg a belv\u00e1rosban az \u00faj buszp\u00e1lyaudvar a r\u00e9gi hely\u00e9n. Napont 25 ezer utast tud majd k\u00e9nyelmesen szigolg\u00e1lni. Az \u00faj p\u00e1lyaudvar azonban sz\u00e1mos m\u00e1s lehet\u0151s\u00e9ggel is szolg\u00e1l. Lesznek \u00e9ttermek, k\u00e1v\u00e9z\u00f3k, bankok, \u00fczletek, valamint egy 260 f\u00e9r\u0151helyes magasparkol\u00f3.<\/p>\n","protected":false},"excerpt":{"rendered":"<p>Parkol\u00f3h\u00e1z \u00e9s bev\u00e1s\u00e1rl\u00f3k\u00f6zpont, de buszp\u00e1lyaudvar is egyben. Szeptemberben nyit meg a belv\u00e1rosban az \u00faj buszp\u00e1lyaudvar a r\u00e9gi hely\u00e9n. Napont 25 ezer utast tud majd k\u00e9nyelmesen szigolg\u00e1lni. Az \u00faj p\u00e1lyaudvar azonban sz\u00e1mos m\u00e1s lehet\u0151s\u00e9ggel is szolg\u00e1l. Lesznek \u00e9ttermek, k\u00e1v\u00e9z\u00f3k, bankok, \u00fczletek, valamint egy 260 f\u00e9r\u0151helyes magasparkol\u00f3.<\/p>\n","protected":false},"author":2,"featured_media":0,"comment_status":"open","ping_status":"open","sticky":false,"template":"","format":"standard","meta":[],"categories":[24],"tags":[],"_links":{"self":[{"href":"http:\/\/archiv.szolnoktv.hu\/index.php?rest_route=\/wp\/v2\/posts\/31091"}],"collection":[{"href":"http:\/\/archiv.szolnoktv.hu\/index.php?rest_route=\/wp\/v2\/posts"}],"about":[{"href":"http:\/\/archiv.szolnoktv.hu\/index.php?rest_route=\/wp\/v2\/types\/post"}],"author":[{"embeddable":true,"href":"http:\/\/archiv.szolnoktv.hu\/index.php?rest_route=\/wp\/v2\/users\/2"}],"replies":[{"embeddable":true,"href":"http:\/\/archiv.szolnoktv.hu\/index.php?rest_route=%2Fwp%2Fv2%2Fcomments&post=31091"}],"version-history":[{"count":1,"href":"http:\/\/archiv.szolnoktv.hu\/index.php?rest_route=\/wp\/v2\/posts\/31091\/revisions"}],"predecessor-version":[{"id":31400,"href":"http:\/\/archiv.szolnoktv.hu\/index.php?rest_route=\/wp\/v2\/posts\/31091\/revisions\/31400"}],"wp:attachment":[{"href":"http:\/\/archiv.szolnoktv.hu\/index.php?rest_route=%2Fwp%2Fv2%2Fmedia&parent=31091"}],"wp:term":[{"taxonomy":"category","embeddable":true,"href":"http:\/\/archiv.szolnoktv.hu\/index.php?rest_route=%2Fwp%2Fv2%2Fcategories&post=31091"},{"taxonomy":"post_tag","embeddable":true,"href":"http:\/\/archiv.szolnoktv.hu\/index.php?rest_route=%2Fwp%2Fv2%2Ftags&post=31091"}],"curies":[{"name":"wp","href":"https:\/\/api.w.org\/{rel}","templated":true}]}}