{"id":31089,"date":"2008-04-13T16:49:37","date_gmt":"2008-04-13T16:49:37","guid":{"rendered":"http:\/\/archiv.szolnoktv.hu\/?p=31089"},"modified":"2021-11-17T13:59:47","modified_gmt":"2021-11-17T13:59:47","slug":"diaknap-a-szechenyi-koruti-altalanos-iskolaban","status":"publish","type":"post","link":"http:\/\/archiv.szolnoktv.hu\/?p=31089","title":{"rendered":"Di\u00e1knap a Sz\u00e9chenyi K\u00f6r\u00fati \u00c1ltal\u00e1nos Iskol\u00e1ban"},"content":{"rendered":"<div class='booster-block booster-read-block'><\/div><p>Az egy hetes kamp\u00e1ny z\u00e1r\u00e1sak\u00e9nt p\u00e9ntek reggel megv\u00e1lasztott\u00e1k a Sz\u00e9chenyi \u00faj di\u00e1kigazgat\u00f3j\u00e1t. A 8. oszt\u00e1lyos tanul\u00f3 jelk\u00e9pesen \u00e1tvette az iskola kulcs\u00e1t, amit egy \u00e9vig kell majd \u0151riznie. Tan\u00edt\u00e1s az \u00e1tad\u00e1s ut\u00e1n sem volt, eg\u00e9sz nap j\u00e1t\u00e9kos programok v\u00e1rt\u00e1k a fiatalokat.<br \/>\nTestnevel\u00e9s \u00f3r\u00e1k helyett tan\u00e1r- di\u00e1k kos\u00e1rlabda meccset tartottak p\u00e9nteken a Sz\u00e9chenyi K\u00f6r\u00fati \u00c1ltal\u00e1nos Iskola tornaterm\u00e9ben. A di\u00e1kokat a nyolcadik oszt\u00e1lyosok k\u00e9pviselt\u00e9k, a tan\u00e1r csapat pedig t\u00f6bbek k\u00f6z\u00f6tt az igazgat\u00f3b\u00f3l, a rajztan\u00e1rb\u00f3l \u00e9s persze a tornatan\u00e1rokb\u00f3l \u00e1llt \u00f6ssze. A szokatlan fel\u00e1ll\u00e1s\u00fa kos\u00e1rmeccs elmaradhatatlan r\u00e9sze a di\u00e1knapnak. A hagyom\u00e1nyos rendezv\u00e9ny m\u00e1sik \u00e1lland\u00f3 programja a di\u00e1kigazgat\u00f3 v\u00e1laszt\u00e1s. Ezt a c\u00edmet az a nyolcadik oszt\u00e1lyos tanul\u00f3 nyeri el, akire az egy hetes kamp\u00e1nyt k\u00f6vet\u0151en a legt\u00f6bb fels\u0151oszt\u00e1lyos szavaz. Id\u00e9n Kiss Norbert vihette haza az iskola kulcs\u00e1t, amit \u00e9ppen egy \u00e9v m\u00falva kell majd \u00e1tadnia ut\u00f3dj\u00e1nak.<\/p>\n","protected":false},"excerpt":{"rendered":"<p>Az egy hetes kamp\u00e1ny z\u00e1r\u00e1sak\u00e9nt p\u00e9ntek reggel megv\u00e1lasztott\u00e1k a Sz\u00e9chenyi \u00faj di\u00e1kigazgat\u00f3j\u00e1t. A 8. oszt\u00e1lyos tanul\u00f3 jelk\u00e9pesen \u00e1tvette az iskola kulcs\u00e1t, amit egy \u00e9vig kell majd \u0151riznie. Tan\u00edt\u00e1s az \u00e1tad\u00e1s ut\u00e1n sem volt, eg\u00e9sz nap j\u00e1t\u00e9kos programok v\u00e1rt\u00e1k a fiatalokat. Testnevel\u00e9s \u00f3r\u00e1k helyett tan\u00e1r- di\u00e1k kos\u00e1rlabda meccset tartottak p\u00e9nteken a Sz\u00e9chenyi K\u00f6r\u00fati \u00c1ltal\u00e1nos Iskola tornaterm\u00e9ben. [&hellip;]<\/p>\n","protected":false},"author":2,"featured_media":0,"comment_status":"open","ping_status":"open","sticky":false,"template":"","format":"standard","meta":[],"categories":[24],"tags":[],"_links":{"self":[{"href":"http:\/\/archiv.szolnoktv.hu\/index.php?rest_route=\/wp\/v2\/posts\/31089"}],"collection":[{"href":"http:\/\/archiv.szolnoktv.hu\/index.php?rest_route=\/wp\/v2\/posts"}],"about":[{"href":"http:\/\/archiv.szolnoktv.hu\/index.php?rest_route=\/wp\/v2\/types\/post"}],"author":[{"embeddable":true,"href":"http:\/\/archiv.szolnoktv.hu\/index.php?rest_route=\/wp\/v2\/users\/2"}],"replies":[{"embeddable":true,"href":"http:\/\/archiv.szolnoktv.hu\/index.php?rest_route=%2Fwp%2Fv2%2Fcomments&post=31089"}],"version-history":[{"count":1,"href":"http:\/\/archiv.szolnoktv.hu\/index.php?rest_route=\/wp\/v2\/posts\/31089\/revisions"}],"predecessor-version":[{"id":31402,"href":"http:\/\/archiv.szolnoktv.hu\/index.php?rest_route=\/wp\/v2\/posts\/31089\/revisions\/31402"}],"wp:attachment":[{"href":"http:\/\/archiv.szolnoktv.hu\/index.php?rest_route=%2Fwp%2Fv2%2Fmedia&parent=31089"}],"wp:term":[{"taxonomy":"category","embeddable":true,"href":"http:\/\/archiv.szolnoktv.hu\/index.php?rest_route=%2Fwp%2Fv2%2Fcategories&post=31089"},{"taxonomy":"post_tag","embeddable":true,"href":"http:\/\/archiv.szolnoktv.hu\/index.php?rest_route=%2Fwp%2Fv2%2Ftags&post=31089"}],"curies":[{"name":"wp","href":"https:\/\/api.w.org\/{rel}","templated":true}]}}