{"id":31088,"date":"2008-04-13T16:49:09","date_gmt":"2008-04-13T16:49:09","guid":{"rendered":"http:\/\/archiv.szolnoktv.hu\/?p=31088"},"modified":"2021-11-17T13:59:47","modified_gmt":"2021-11-17T13:59:47","slug":"repulestudomanyi-konferencia-2","status":"publish","type":"post","link":"http:\/\/archiv.szolnoktv.hu\/?p=31088","title":{"rendered":"Rep\u00fcl\u00e9studom\u00e1nyi konferencia"},"content":{"rendered":"<div class='booster-block booster-read-block'><\/div><p>20 \u00e9ve m\u00e1r, hogy Szolnokon, Magyarorsz\u00e1g egyetlen helikopterb\u00e1zis\u00e1n rendezik meg a Rep\u00fcl\u00e9studom\u00e1nyi Konferenci\u00e1t. Ezt mindig Gagarin 1961. \u00e1prilis 12-i \u0171rrep\u00fcl\u00e9s\u00e9nek \u00e9vfordul\u00f3j\u00e1hoz igaz\u00edtj\u00e1k a szervez\u0151k. A nyilv\u00e1nos konferenci\u00e1n sz\u00e1mos el\u0151ad\u00e1st hallgathattak meg az \u00e9rdekl\u0151d\u0151k, t\u00f6bbek k\u00f6z\u00f6tt a magyar l\u00e9gier\u0151 jelen\u00e9r\u0151l, v\u00e1rhat\u00f3 j\u00f6v\u0151j\u00e9r\u0151l, valamint a NATO k\u00f6vetelm\u00e9nyrendszer\u00e9r\u0151l. A magyar l\u00e9gier\u0151 maxim\u00e1lisan kiel\u00e9g\u00edti az orsz\u00e1g l\u00e9gter\u00e9nek v\u00e9delm\u00e9t, de ha kell enn\u00e9l t\u00f6bbre is k\u00e9pesek, hangzott el a besz\u00e1mol\u00f3kon. Az \u00faj vad\u00e1szrep\u00fcl\u0151kkel, valamint a sz\u00ednvonalas k\u00e9pz\u00e9ssel a NATO feladatra felaj\u00e1nlott alegys\u00e9gek kik\u00e9pz\u00e9se jelenleg is folyamatban van.<\/p>\n","protected":false},"excerpt":{"rendered":"<p>20 \u00e9ve m\u00e1r, hogy Szolnokon, Magyarorsz\u00e1g egyetlen helikopterb\u00e1zis\u00e1n rendezik meg a Rep\u00fcl\u00e9studom\u00e1nyi Konferenci\u00e1t. Ezt mindig Gagarin 1961. \u00e1prilis 12-i \u0171rrep\u00fcl\u00e9s\u00e9nek \u00e9vfordul\u00f3j\u00e1hoz igaz\u00edtj\u00e1k a szervez\u0151k. A nyilv\u00e1nos konferenci\u00e1n sz\u00e1mos el\u0151ad\u00e1st hallgathattak meg az \u00e9rdekl\u0151d\u0151k, t\u00f6bbek k\u00f6z\u00f6tt a magyar l\u00e9gier\u0151 jelen\u00e9r\u0151l, v\u00e1rhat\u00f3 j\u00f6v\u0151j\u00e9r\u0151l, valamint a NATO k\u00f6vetelm\u00e9nyrendszer\u00e9r\u0151l. A magyar l\u00e9gier\u0151 maxim\u00e1lisan kiel\u00e9g\u00edti az orsz\u00e1g l\u00e9gter\u00e9nek v\u00e9delm\u00e9t, de [&hellip;]<\/p>\n","protected":false},"author":2,"featured_media":0,"comment_status":"open","ping_status":"open","sticky":false,"template":"","format":"standard","meta":[],"categories":[24],"tags":[],"_links":{"self":[{"href":"http:\/\/archiv.szolnoktv.hu\/index.php?rest_route=\/wp\/v2\/posts\/31088"}],"collection":[{"href":"http:\/\/archiv.szolnoktv.hu\/index.php?rest_route=\/wp\/v2\/posts"}],"about":[{"href":"http:\/\/archiv.szolnoktv.hu\/index.php?rest_route=\/wp\/v2\/types\/post"}],"author":[{"embeddable":true,"href":"http:\/\/archiv.szolnoktv.hu\/index.php?rest_route=\/wp\/v2\/users\/2"}],"replies":[{"embeddable":true,"href":"http:\/\/archiv.szolnoktv.hu\/index.php?rest_route=%2Fwp%2Fv2%2Fcomments&post=31088"}],"version-history":[{"count":1,"href":"http:\/\/archiv.szolnoktv.hu\/index.php?rest_route=\/wp\/v2\/posts\/31088\/revisions"}],"predecessor-version":[{"id":31403,"href":"http:\/\/archiv.szolnoktv.hu\/index.php?rest_route=\/wp\/v2\/posts\/31088\/revisions\/31403"}],"wp:attachment":[{"href":"http:\/\/archiv.szolnoktv.hu\/index.php?rest_route=%2Fwp%2Fv2%2Fmedia&parent=31088"}],"wp:term":[{"taxonomy":"category","embeddable":true,"href":"http:\/\/archiv.szolnoktv.hu\/index.php?rest_route=%2Fwp%2Fv2%2Fcategories&post=31088"},{"taxonomy":"post_tag","embeddable":true,"href":"http:\/\/archiv.szolnoktv.hu\/index.php?rest_route=%2Fwp%2Fv2%2Ftags&post=31088"}],"curies":[{"name":"wp","href":"https:\/\/api.w.org\/{rel}","templated":true}]}}