{"id":31087,"date":"2008-04-13T16:48:34","date_gmt":"2008-04-13T16:48:34","guid":{"rendered":"http:\/\/archiv.szolnoktv.hu\/?p=31087"},"modified":"2021-11-17T13:59:47","modified_gmt":"2021-11-17T13:59:47","slug":"rekassy-eszter-kiallitas","status":"publish","type":"post","link":"http:\/\/archiv.szolnoktv.hu\/?p=31087","title":{"rendered":"R\u00e9kassy Eszter ki\u00e1ll\u00edt\u00e1s"},"content":{"rendered":"<div class='booster-block booster-read-block'><\/div><p>R\u00e9kassy Eszter munk\u00e1ib\u00f3l ny\u00edlt ki\u00e1ll\u00edt\u00e1s a M\u0171v\u00e9sztelepen. Az alkot\u00f3 neve nem idegen a szolnoki k\u00e9pz\u0151m\u0171v\u00e9szet ismer\u0151i k\u00f6r\u00e9ben, hiszen \u00e9desapja- R\u00e9kassy Csaba meghat\u00e1roz\u00f3 alakja volt a telepen m\u0171k\u00f6d\u0151 kol\u00f3ni\u00e1nak.<br \/>\nAz el\u0151zm\u00e9nyek, a csal\u00e1di ind\u00edttat\u00e1s ellen\u00e9re is figyelemre m\u00e9lt\u00f3 az a p\u00e1rj\u00e1t ritk\u00edt\u00f3 anyag, mellyel R\u00e9kassy Eszter gazdag\u00edtotta, gazdag\u00edtja a kort\u00e1rs magyar grafik\u00e1t. Raszler K\u00e1roly \u00e9s Rozanics Tibor egykori tan\u00edtv\u00e1nya a nyolcvanas \u00e9vek v\u00e9g\u00e9n kapta els\u0151 elismer\u00e9seit- \u00e1m fiatal m\u0171v\u00e9szk\u00e9nt a kilencvenes \u00e9vek k\u00f6zep\u00e9n v\u00e1lt igaz\u00e1n megker\u00fclhetetlen n\u00e9vv\u00e9 a st\u00edlus hazai nagyjai k\u00f6z\u00f6tt. \u00c9desapja- R\u00e9kassy Csaba humorral \u00e1tsz\u0151tt m\u00edves remekei Szolnokhoz k\u00f6t\u00f6tt\u00e9k a nevet. B\u00e1r a gy\u00f6kerek elvitathatatlanok- az \u00f6r\u00f6ks\u00e9g nem felt\u00e9tlen\u00fcl a mot\u00edvumok hasonl\u00f3s\u00e1g\u00e1ban keresend\u0151- sokkal ink\u00e1bb a munkam\u00f3dszerben, -m\u00e9g pontosabban az \u00e9rz\u00e9ki \u00e1br\u00e1zol\u00e1s ir\u00e1nti al\u00e1zatban \u00e9s az odaad\u00e1sban. R\u00e9kassy Eszter ki\u00e1ll\u00edt\u00e1sa Szolnokon tal\u00e1lt r\u00f6vid ideig otthonra- haszn\u00e1lja h\u00e1t ki mindenki a lehet\u0151s\u00e9get m\u00e1jus hetedik\u00e9ig.<\/p>\n","protected":false},"excerpt":{"rendered":"<p>R\u00e9kassy Eszter munk\u00e1ib\u00f3l ny\u00edlt ki\u00e1ll\u00edt\u00e1s a M\u0171v\u00e9sztelepen. Az alkot\u00f3 neve nem idegen a szolnoki k\u00e9pz\u0151m\u0171v\u00e9szet ismer\u0151i k\u00f6r\u00e9ben, hiszen \u00e9desapja- R\u00e9kassy Csaba meghat\u00e1roz\u00f3 alakja volt a telepen m\u0171k\u00f6d\u0151 kol\u00f3ni\u00e1nak. Az el\u0151zm\u00e9nyek, a csal\u00e1di ind\u00edttat\u00e1s ellen\u00e9re is figyelemre m\u00e9lt\u00f3 az a p\u00e1rj\u00e1t ritk\u00edt\u00f3 anyag, mellyel R\u00e9kassy Eszter gazdag\u00edtotta, gazdag\u00edtja a kort\u00e1rs magyar grafik\u00e1t. Raszler K\u00e1roly \u00e9s Rozanics [&hellip;]<\/p>\n","protected":false},"author":2,"featured_media":0,"comment_status":"open","ping_status":"open","sticky":false,"template":"","format":"standard","meta":[],"categories":[24],"tags":[],"_links":{"self":[{"href":"http:\/\/archiv.szolnoktv.hu\/index.php?rest_route=\/wp\/v2\/posts\/31087"}],"collection":[{"href":"http:\/\/archiv.szolnoktv.hu\/index.php?rest_route=\/wp\/v2\/posts"}],"about":[{"href":"http:\/\/archiv.szolnoktv.hu\/index.php?rest_route=\/wp\/v2\/types\/post"}],"author":[{"embeddable":true,"href":"http:\/\/archiv.szolnoktv.hu\/index.php?rest_route=\/wp\/v2\/users\/2"}],"replies":[{"embeddable":true,"href":"http:\/\/archiv.szolnoktv.hu\/index.php?rest_route=%2Fwp%2Fv2%2Fcomments&post=31087"}],"version-history":[{"count":1,"href":"http:\/\/archiv.szolnoktv.hu\/index.php?rest_route=\/wp\/v2\/posts\/31087\/revisions"}],"predecessor-version":[{"id":31404,"href":"http:\/\/archiv.szolnoktv.hu\/index.php?rest_route=\/wp\/v2\/posts\/31087\/revisions\/31404"}],"wp:attachment":[{"href":"http:\/\/archiv.szolnoktv.hu\/index.php?rest_route=%2Fwp%2Fv2%2Fmedia&parent=31087"}],"wp:term":[{"taxonomy":"category","embeddable":true,"href":"http:\/\/archiv.szolnoktv.hu\/index.php?rest_route=%2Fwp%2Fv2%2Fcategories&post=31087"},{"taxonomy":"post_tag","embeddable":true,"href":"http:\/\/archiv.szolnoktv.hu\/index.php?rest_route=%2Fwp%2Fv2%2Ftags&post=31087"}],"curies":[{"name":"wp","href":"https:\/\/api.w.org\/{rel}","templated":true}]}}