{"id":31085,"date":"2008-04-13T16:46:41","date_gmt":"2008-04-13T16:46:41","guid":{"rendered":"http:\/\/archiv.szolnoktv.hu\/?p=31085"},"modified":"2021-11-17T13:59:47","modified_gmt":"2021-11-17T13:59:47","slug":"testvermegyei-kapcsolatok-erositese","status":"publish","type":"post","link":"http:\/\/archiv.szolnoktv.hu\/?p=31085","title":{"rendered":"Testv\u00e9rmegyei kapcsolatok er\u0151s\u00edt\u00e9se"},"content":{"rendered":"<div class='booster-block booster-read-block'><\/div><p>P\u00e9ld\u00e1tlan kezdem\u00e9nyez\u00e9s. \u00cdgy jellemezte a J\u00e1sz-Nagykun-Szolnok Megyei K\u00f6zgy\u0171l\u00e9s \u00e9s M\u00e1ramaros Megye Tan\u00e1cs\u00e1nak egy\u00fcttes \u00fcl\u00e9s\u00e9t a h\u00e1zigazda Fej\u00e9r Andor.<br \/>\n15 \u00e9ves m\u00faltra tekint vissza J\u00e1sz-Nagykun-Szolnok \u00e9s a rom\u00e1niai M\u00e1ramaros megye kapcsolata. 2004-ben \u00faj t\u00e1vlatok ny\u00edltak a testv\u00e9rmegyei egy\u00fcttm\u0171k\u00f6d\u00e9sben. Az egy\u00fcttes \u00fcl\u00e9sen a test\u00fclet k\u00e9t eln\u00f6k, Fej\u00e9r Andor \u00e9s Marinel Kov\u00e1cs al\u00e1\u00edrta az egy\u00fcttm\u0171k\u00f6d\u00e9si akci\u00f3tervet, m\u00edg az \u00e1gazati meg\u00e1llapod\u00e1sokat m\u00e1r az int\u00e9zm\u00e9nyvezet\u0151k l\u00e1tt\u00e1k el k\u00e9zjegy\u00fckkel. A k\u00f6rnyezetv\u00e9delemen t\u00fal az egy\u00fcttm\u0171k\u00f6d\u00e9s, tapasztalatcsere kiterjed a szoci\u00e1lis \u00e9s gyermekv\u00e9delem, valamint az oktat\u00e1s \u00e9s k\u00f6zm\u0171vel\u0151d\u00e9s ter\u00fcleteire. A k\u00e9t vezet\u0151 szerint, b\u00e1r tiszt\u00e1ban vannak vele, hogy a politika szerepl\u0151i v\u00e1ltoznak, siker\u00fclt olyan v\u00e1llalhat\u00f3 meg\u00e1llapod\u00e1sokat tet\u0151 al\u00e1 hozni, amelyeket egyhang\u00falag hagyott j\u00f3v\u00e1 mindk\u00e9t test\u00fclet. Ez pedig biztat\u00f3 a j\u00f6v\u0151re n\u00e9zve &#8211; hangs\u00falyozta Marinel Kovacs, aki megh\u00edvta a J\u00e1sz-Nagykun-Szolnok Megyei K\u00f6zgy\u0171l\u00e9s tagjait M\u00e1ramaros megy\u00e9be egy \u00fajabb egy\u00fcttes \u00fcl\u00e9sre.<\/p>\n","protected":false},"excerpt":{"rendered":"<p>P\u00e9ld\u00e1tlan kezdem\u00e9nyez\u00e9s. \u00cdgy jellemezte a J\u00e1sz-Nagykun-Szolnok Megyei K\u00f6zgy\u0171l\u00e9s \u00e9s M\u00e1ramaros Megye Tan\u00e1cs\u00e1nak egy\u00fcttes \u00fcl\u00e9s\u00e9t a h\u00e1zigazda Fej\u00e9r Andor. 15 \u00e9ves m\u00faltra tekint vissza J\u00e1sz-Nagykun-Szolnok \u00e9s a rom\u00e1niai M\u00e1ramaros megye kapcsolata. 2004-ben \u00faj t\u00e1vlatok ny\u00edltak a testv\u00e9rmegyei egy\u00fcttm\u0171k\u00f6d\u00e9sben. Az egy\u00fcttes \u00fcl\u00e9sen a test\u00fclet k\u00e9t eln\u00f6k, Fej\u00e9r Andor \u00e9s Marinel Kov\u00e1cs al\u00e1\u00edrta az egy\u00fcttm\u0171k\u00f6d\u00e9si akci\u00f3tervet, m\u00edg az [&hellip;]<\/p>\n","protected":false},"author":2,"featured_media":0,"comment_status":"open","ping_status":"open","sticky":false,"template":"","format":"standard","meta":[],"categories":[24],"tags":[],"_links":{"self":[{"href":"http:\/\/archiv.szolnoktv.hu\/index.php?rest_route=\/wp\/v2\/posts\/31085"}],"collection":[{"href":"http:\/\/archiv.szolnoktv.hu\/index.php?rest_route=\/wp\/v2\/posts"}],"about":[{"href":"http:\/\/archiv.szolnoktv.hu\/index.php?rest_route=\/wp\/v2\/types\/post"}],"author":[{"embeddable":true,"href":"http:\/\/archiv.szolnoktv.hu\/index.php?rest_route=\/wp\/v2\/users\/2"}],"replies":[{"embeddable":true,"href":"http:\/\/archiv.szolnoktv.hu\/index.php?rest_route=%2Fwp%2Fv2%2Fcomments&post=31085"}],"version-history":[{"count":1,"href":"http:\/\/archiv.szolnoktv.hu\/index.php?rest_route=\/wp\/v2\/posts\/31085\/revisions"}],"predecessor-version":[{"id":31406,"href":"http:\/\/archiv.szolnoktv.hu\/index.php?rest_route=\/wp\/v2\/posts\/31085\/revisions\/31406"}],"wp:attachment":[{"href":"http:\/\/archiv.szolnoktv.hu\/index.php?rest_route=%2Fwp%2Fv2%2Fmedia&parent=31085"}],"wp:term":[{"taxonomy":"category","embeddable":true,"href":"http:\/\/archiv.szolnoktv.hu\/index.php?rest_route=%2Fwp%2Fv2%2Fcategories&post=31085"},{"taxonomy":"post_tag","embeddable":true,"href":"http:\/\/archiv.szolnoktv.hu\/index.php?rest_route=%2Fwp%2Fv2%2Ftags&post=31085"}],"curies":[{"name":"wp","href":"https:\/\/api.w.org\/{rel}","templated":true}]}}