{"id":31084,"date":"2008-04-13T16:45:46","date_gmt":"2008-04-13T16:45:46","guid":{"rendered":"http:\/\/archiv.szolnoktv.hu\/?p=31084"},"modified":"2021-11-17T13:59:47","modified_gmt":"2021-11-17T13:59:47","slug":"kis-zoltan-martfun","status":"publish","type":"post","link":"http:\/\/archiv.szolnoktv.hu\/?p=31084","title":{"rendered":"Kis Zolt\u00e1n Martf\u0171n"},"content":{"rendered":"<div class='booster-block booster-read-block'><\/div><p>Ki\u00e9lezett a verseny a p\u00e1ly\u00e1zati piacon- \u00e1ll\u00edtja a Region\u00e1lis Fejleszt\u00e9si Holding Zrt. vez\u00e9rigazgat\u00f3ja. Dr. Kis Zolt\u00e1n Martf\u0171n ismertette a t\u00e1rsas\u00e1g szolg\u00e1ltat\u00e1sait. A roadshown a szolnoki kist\u00e9rs\u00e9g telep\u00fcl\u00e9sei is megfogalmazt\u00e1k ig\u00e9nyeiket, fenntart\u00e1saikat.<br \/>\nJ\u00e1sz- Nagykun- Szolnok Megye egykor legdinamikusabban fejl\u0151d\u0151 telep\u00fcl\u00e9s\u00e9n is meggondolj\u00e1k ma m\u00e1r mire adnak ki p\u00e9nzt. A hazai cip\u0151gy\u00e1rt\u00e1s egykori fellegv\u00e1ra- Martf\u0171 \u00e9pp\u00fagy p\u00e1ly\u00e1zati forr\u00e1sokra szorul- ha tartani szeretn\u00e9 a kor dikt\u00e1lta temp\u00f3t-, mint a k\u00f6rny\u00e9k b\u00e1rmely m\u00e1s, kev\u00e9sb\u00e9 szerencs\u00e9s telep\u00fcl\u00e9se. A c\u00e9lok vil\u00e1gosak, \u00e1m a hi\u00e1nyz\u00f3 forr\u00e1sok el\u0151teremt\u00e9s\u00e9nek mik\u00e9ntje itt is fejt\u00f6r\u00e9st okoz. A szolg\u00e1ltat\u00e1sok n\u00e9pszer\u0171s\u00edt\u00e9se elemi \u00e9rdeke a 100%- os \u00e1llami tulajdonban l\u00e9v\u0151 t\u00e1rsas\u00e1gnak is. A polg\u00e1rmesterek egy r\u00e9sze mindazon\u00e1ltal \u00f3vatosan ny\u00fal a k\u00e9rd\u00e9shez, s nemcsak az\u00e9rt mert p\u00e9nzr\u0151l van sz\u00f3, hanem az\u00e9rt is mert a korm\u00e1nyzati politika b\u00e9kly\u00f3ja nem felt\u00e9tlen\u00fcl a vid\u00e9k felz\u00e1rk\u00f3ztat\u00e1s\u00e1r\u00f3l sz\u00f3l. A k\u00e9nyszer azonban nagy \u00far. Ha egy \u00f6nkorm\u00e1nyzat a kiv\u00e1r\u00e1sra alapozza strat\u00e9gi\u00e1j\u00e1t, akkor s\u00falyos versenyh\u00e1tr\u00e1nyba ker\u00fclhet. A Region\u00e1lis Fejleszt\u00e9si Holding Zrt. a kist\u00e9rs\u00e9g k\u00f6zpontj\u00e1ban- Szolnokon-  nemr\u00e9g nyitott kirendelts\u00e9get. Jelenl\u00e9t\u00fckh\u00f6z kapcsoltan a szint\u00e9n szolnoki HOZAM Global Konzulting Kft. is hamarosan bel\u00e9p a k\u00e9pbe, s egy\u00fcttm\u0171k\u00f6d\u00e9si meg\u00e1llapod\u00e1sban r\u00f6gz\u00edti a k\u00f6z\u00f6s munka ir\u00e1nyelveit.  martf\u0171i roadshow- hoz hasonl\u00f3 bemutatkoz\u00f3 rendezv\u00e9nnyel a megye t\u00f6bb pontj\u00e1n is felbukkan majd a fejleszt\u00e9si holding vez\u00e9rkara- k\u00e9rd\u00e9s: aj\u00e1nlataik mennyire versenyk\u00e9pesek az \u00f6nkorm\u00e1nyzatokat megk\u00f6rny\u00e9kez\u0151 mag\u00e1nbefektet\u0151k ellen\u00e9ben.<\/p>\n","protected":false},"excerpt":{"rendered":"<p>Ki\u00e9lezett a verseny a p\u00e1ly\u00e1zati piacon- \u00e1ll\u00edtja a Region\u00e1lis Fejleszt\u00e9si Holding Zrt. vez\u00e9rigazgat\u00f3ja. Dr. Kis Zolt\u00e1n Martf\u0171n ismertette a t\u00e1rsas\u00e1g szolg\u00e1ltat\u00e1sait. A roadshown a szolnoki kist\u00e9rs\u00e9g telep\u00fcl\u00e9sei is megfogalmazt\u00e1k ig\u00e9nyeiket, fenntart\u00e1saikat. J\u00e1sz- Nagykun- Szolnok Megye egykor legdinamikusabban fejl\u0151d\u0151 telep\u00fcl\u00e9s\u00e9n is meggondolj\u00e1k ma m\u00e1r mire adnak ki p\u00e9nzt. A hazai cip\u0151gy\u00e1rt\u00e1s egykori fellegv\u00e1ra- Martf\u0171 \u00e9pp\u00fagy p\u00e1ly\u00e1zati [&hellip;]<\/p>\n","protected":false},"author":2,"featured_media":0,"comment_status":"open","ping_status":"open","sticky":false,"template":"","format":"standard","meta":[],"categories":[24],"tags":[],"_links":{"self":[{"href":"http:\/\/archiv.szolnoktv.hu\/index.php?rest_route=\/wp\/v2\/posts\/31084"}],"collection":[{"href":"http:\/\/archiv.szolnoktv.hu\/index.php?rest_route=\/wp\/v2\/posts"}],"about":[{"href":"http:\/\/archiv.szolnoktv.hu\/index.php?rest_route=\/wp\/v2\/types\/post"}],"author":[{"embeddable":true,"href":"http:\/\/archiv.szolnoktv.hu\/index.php?rest_route=\/wp\/v2\/users\/2"}],"replies":[{"embeddable":true,"href":"http:\/\/archiv.szolnoktv.hu\/index.php?rest_route=%2Fwp%2Fv2%2Fcomments&post=31084"}],"version-history":[{"count":1,"href":"http:\/\/archiv.szolnoktv.hu\/index.php?rest_route=\/wp\/v2\/posts\/31084\/revisions"}],"predecessor-version":[{"id":31407,"href":"http:\/\/archiv.szolnoktv.hu\/index.php?rest_route=\/wp\/v2\/posts\/31084\/revisions\/31407"}],"wp:attachment":[{"href":"http:\/\/archiv.szolnoktv.hu\/index.php?rest_route=%2Fwp%2Fv2%2Fmedia&parent=31084"}],"wp:term":[{"taxonomy":"category","embeddable":true,"href":"http:\/\/archiv.szolnoktv.hu\/index.php?rest_route=%2Fwp%2Fv2%2Fcategories&post=31084"},{"taxonomy":"post_tag","embeddable":true,"href":"http:\/\/archiv.szolnoktv.hu\/index.php?rest_route=%2Fwp%2Fv2%2Ftags&post=31084"}],"curies":[{"name":"wp","href":"https:\/\/api.w.org\/{rel}","templated":true}]}}