{"id":31081,"date":"2008-04-10T18:36:02","date_gmt":"2008-04-10T18:36:02","guid":{"rendered":"http:\/\/archiv.szolnoktv.hu\/?p=31081"},"modified":"2021-11-17T13:59:48","modified_gmt":"2021-11-17T13:59:48","slug":"az-evad-utolso-premierjere-keszul-a-szigligeti","status":"publish","type":"post","link":"http:\/\/archiv.szolnoktv.hu\/?p=31081","title":{"rendered":"Az \u00e9vad utols\u00f3 premierj\u00e9re k\u00e9sz\u00fcl a Szigligeti"},"content":{"rendered":"<div class='booster-block booster-read-block'><\/div><p>Sommerset Maugham &#8221; Sz\u00ednh\u00e1z&#8221;&#8221; c\u00edm\u0171 reg\u00e9ny\u00e9b\u0151l k\u00e9sz\u00fclt sz\u00edndarabj\u00e1t mutatja be p\u00e9nteken a szolnoki sz\u00ednh\u00e1z.. Ezt a reg\u00e9nyt Csod\u00e1latos J\u00falia c\u00edmmel Szab\u00f3 Istv\u00e1n meg is filmes\u00edtette. A n\u0151k ir\u00e1nti rajong\u00e1s\u00e1s\u00e1t \u00e9s tisztelet\u00e9t is belecsemp\u00e9szte a szolnoki el\u0151ad\u00e1sba Verebes Istv\u00e1n rendez\u0151<br \/>\naki nem kev\u00e9sb\u00e9 rajong a n\u0151i f\u0151szerepet j\u00e1tsz\u00f3 B\u00e1ns\u00e1gi Ildik\u00f3\u00e9rt.  &#8221;<\/p>\n","protected":false},"excerpt":{"rendered":"<p>Sommerset Maugham &#8221; Sz\u00ednh\u00e1z&#8221;&#8221; c\u00edm\u0171 reg\u00e9ny\u00e9b\u0151l k\u00e9sz\u00fclt sz\u00edndarabj\u00e1t mutatja be p\u00e9nteken a szolnoki sz\u00ednh\u00e1z.. Ezt a reg\u00e9nyt Csod\u00e1latos J\u00falia c\u00edmmel Szab\u00f3 Istv\u00e1n meg is filmes\u00edtette. A n\u0151k ir\u00e1nti rajong\u00e1s\u00e1s\u00e1t \u00e9s tisztelet\u00e9t is belecsemp\u00e9szte a szolnoki el\u0151ad\u00e1sba Verebes Istv\u00e1n rendez\u0151 aki nem kev\u00e9sb\u00e9 rajong a n\u0151i f\u0151szerepet j\u00e1tsz\u00f3 B\u00e1ns\u00e1gi Ildik\u00f3\u00e9rt. &#8221;<\/p>\n","protected":false},"author":2,"featured_media":0,"comment_status":"open","ping_status":"open","sticky":false,"template":"","format":"standard","meta":[],"categories":[24],"tags":[],"_links":{"self":[{"href":"http:\/\/archiv.szolnoktv.hu\/index.php?rest_route=\/wp\/v2\/posts\/31081"}],"collection":[{"href":"http:\/\/archiv.szolnoktv.hu\/index.php?rest_route=\/wp\/v2\/posts"}],"about":[{"href":"http:\/\/archiv.szolnoktv.hu\/index.php?rest_route=\/wp\/v2\/types\/post"}],"author":[{"embeddable":true,"href":"http:\/\/archiv.szolnoktv.hu\/index.php?rest_route=\/wp\/v2\/users\/2"}],"replies":[{"embeddable":true,"href":"http:\/\/archiv.szolnoktv.hu\/index.php?rest_route=%2Fwp%2Fv2%2Fcomments&post=31081"}],"version-history":[{"count":1,"href":"http:\/\/archiv.szolnoktv.hu\/index.php?rest_route=\/wp\/v2\/posts\/31081\/revisions"}],"predecessor-version":[{"id":31410,"href":"http:\/\/archiv.szolnoktv.hu\/index.php?rest_route=\/wp\/v2\/posts\/31081\/revisions\/31410"}],"wp:attachment":[{"href":"http:\/\/archiv.szolnoktv.hu\/index.php?rest_route=%2Fwp%2Fv2%2Fmedia&parent=31081"}],"wp:term":[{"taxonomy":"category","embeddable":true,"href":"http:\/\/archiv.szolnoktv.hu\/index.php?rest_route=%2Fwp%2Fv2%2Fcategories&post=31081"},{"taxonomy":"post_tag","embeddable":true,"href":"http:\/\/archiv.szolnoktv.hu\/index.php?rest_route=%2Fwp%2Fv2%2Ftags&post=31081"}],"curies":[{"name":"wp","href":"https:\/\/api.w.org\/{rel}","templated":true}]}}