{"id":31080,"date":"2008-04-10T18:35:24","date_gmt":"2008-04-10T18:35:24","guid":{"rendered":"http:\/\/archiv.szolnoktv.hu\/?p=31080"},"modified":"2021-11-17T13:59:48","modified_gmt":"2021-11-17T13:59:48","slug":"vendeglatohelyek-nyitva-tartasa","status":"publish","type":"post","link":"http:\/\/archiv.szolnoktv.hu\/?p=31080","title":{"rendered":"Vend\u00e9gl\u00e1t\u00f3helyek nyitva tart\u00e1sa"},"content":{"rendered":"<div class='booster-block booster-read-block'><\/div><p>Rendeletben szab\u00e1lyozn\u00e1 a vend\u00e9gl\u00e1t\u00f3 egys\u00e9gek, sz\u00f3rakoz\u00f3helyek \u00e9jszakai nyitva tart\u00e1si rendj\u00e9t az \u00f6nkorm\u00e1nyzat. Az alapelv, hogy ezek az \u00fczletek este 10 \u00e9s reggel 6 \u00f3ra k\u00f6z\u00f6tt nem tarthatnak nyitva.<br \/>\nAz \u00f6nkorm\u00e1nyzat l\u00e9p\u00e9s\u00e9t az indokolta, hogy nagyon sok panasz \u00e9rkezik egyes vend\u00e9gl\u00e1t\u00f3egys\u00e9gek, el\u0151sorban a k\u00e9s\u0151 esti, \u00e9jszakai nyitva tart\u00e1s\u00e1val, m\u0171k\u00f6d\u00e9s\u00e9vel kapcsolatban. Mint Hegmann\u00e9 Nemes S\u00e1ra alpolg\u00e1rmester t\u00e1j\u00e9koztat\u00f3j\u00e1n elmondta, nem vezettek eredm\u00e9nyre a rendszeres \u00e9jszakai hat\u00f3s\u00e1gi ellen\u0151rz\u00e9sek sem, \u00edgy a megold\u00e1st most egy \u00faj rendeletben l\u00e1tja a v\u00e1ros vezet\u00e9se. Az elk\u00e9sz\u00fclt tervezet k\u00e9t v\u00e1ltozatot tartalmaz, k\u00fcl\u00f6nb\u00f6z\u0151 kit\u00e9telekkel. Az alapelv, hogy a vend\u00e9gl\u00e1t\u00f3 \u00fczletek este 10 \u00e9s reggel 6 \u00f3ra k\u00f6z\u00f6tt nem tarthatnak nyitva. Ami a k\u00fcl\u00f6nbs\u00e9g, hogy az &#8222;A&#8221; vari\u00e1ci\u00f3 p\u00e9nteken, szombaton \u00e9s \u00fcnnepnap \u00e9jjel kett\u0151 \u00f3r\u00e1ig enged\u00e9lyezn\u00e9 a nyitva tart\u00e1st a melegkonyh\u00e1s vend\u00e9gl\u00e1t\u00f3- \u00e9s a zen\u00e9s sz\u00f3rakoz\u00f3helyeknek, m\u00edg a szigor\u00fabb, &#8222;B&#8221; verzi\u00f3 ezt sem engedn\u00e9 meg. Az els\u0151 \u00e9s m\u00e1sodik kateg\u00f3ri\u00e1s \u00fczletekre nem vonatkozik egyik korl\u00e1toz\u00e1s sem. A tervezetet a k\u00f6zgy\u0171l\u00e9s \u00e1prilisi \u00fcl\u00e9s\u00e9n t\u00e1rgyalja, ekkor d\u00f6ntenek a v\u00e1ltozatokr\u00f3l is. A rendelet m\u00e1jus 1-j\u00e9n l\u00e9p \u00e9letbe, de a m\u0171k\u00f6d\u00e9si enged\u00e9llyel m\u00e1r rendelkez\u0151 \u00fczleteknek j\u00falius 1-j\u00e9t\u0151l kell alkalmazniuk az \u00faj nyitva tart\u00e1si rendet.<\/p>\n","protected":false},"excerpt":{"rendered":"<p>Rendeletben szab\u00e1lyozn\u00e1 a vend\u00e9gl\u00e1t\u00f3 egys\u00e9gek, sz\u00f3rakoz\u00f3helyek \u00e9jszakai nyitva tart\u00e1si rendj\u00e9t az \u00f6nkorm\u00e1nyzat. Az alapelv, hogy ezek az \u00fczletek este 10 \u00e9s reggel 6 \u00f3ra k\u00f6z\u00f6tt nem tarthatnak nyitva. Az \u00f6nkorm\u00e1nyzat l\u00e9p\u00e9s\u00e9t az indokolta, hogy nagyon sok panasz \u00e9rkezik egyes vend\u00e9gl\u00e1t\u00f3egys\u00e9gek, el\u0151sorban a k\u00e9s\u0151 esti, \u00e9jszakai nyitva tart\u00e1s\u00e1val, m\u0171k\u00f6d\u00e9s\u00e9vel kapcsolatban. Mint Hegmann\u00e9 Nemes S\u00e1ra alpolg\u00e1rmester t\u00e1j\u00e9koztat\u00f3j\u00e1n [&hellip;]<\/p>\n","protected":false},"author":2,"featured_media":0,"comment_status":"open","ping_status":"open","sticky":false,"template":"","format":"standard","meta":[],"categories":[24],"tags":[],"_links":{"self":[{"href":"http:\/\/archiv.szolnoktv.hu\/index.php?rest_route=\/wp\/v2\/posts\/31080"}],"collection":[{"href":"http:\/\/archiv.szolnoktv.hu\/index.php?rest_route=\/wp\/v2\/posts"}],"about":[{"href":"http:\/\/archiv.szolnoktv.hu\/index.php?rest_route=\/wp\/v2\/types\/post"}],"author":[{"embeddable":true,"href":"http:\/\/archiv.szolnoktv.hu\/index.php?rest_route=\/wp\/v2\/users\/2"}],"replies":[{"embeddable":true,"href":"http:\/\/archiv.szolnoktv.hu\/index.php?rest_route=%2Fwp%2Fv2%2Fcomments&post=31080"}],"version-history":[{"count":1,"href":"http:\/\/archiv.szolnoktv.hu\/index.php?rest_route=\/wp\/v2\/posts\/31080\/revisions"}],"predecessor-version":[{"id":31411,"href":"http:\/\/archiv.szolnoktv.hu\/index.php?rest_route=\/wp\/v2\/posts\/31080\/revisions\/31411"}],"wp:attachment":[{"href":"http:\/\/archiv.szolnoktv.hu\/index.php?rest_route=%2Fwp%2Fv2%2Fmedia&parent=31080"}],"wp:term":[{"taxonomy":"category","embeddable":true,"href":"http:\/\/archiv.szolnoktv.hu\/index.php?rest_route=%2Fwp%2Fv2%2Fcategories&post=31080"},{"taxonomy":"post_tag","embeddable":true,"href":"http:\/\/archiv.szolnoktv.hu\/index.php?rest_route=%2Fwp%2Fv2%2Ftags&post=31080"}],"curies":[{"name":"wp","href":"https:\/\/api.w.org\/{rel}","templated":true}]}}